{"id":5584,"date":"2024-09-20T14:01:12","date_gmt":"2024-09-20T17:01:12","guid":{"rendered":"https:\/\/wp.ufpel.edu.br\/ppgcamb\/?p=5584"},"modified":"2024-09-20T14:01:12","modified_gmt":"2024-09-20T17:01:12","slug":"ppgcamb-celebra-aprovacao-do-doutorado","status":"publish","type":"post","link":"https:\/\/wp.ufpel.edu.br\/ppgcamb\/2024\/09\/20\/ppgcamb-celebra-aprovacao-do-doutorado\/","title":{"rendered":"PPGCAmb celebra aprova\u00e7\u00e3o do DOUTORADO"},"content":{"rendered":"<p>Entre os dias 26 e 30 de agosto de 2024, foi realizada a 231\u00aa Reuni\u00e3o do CTC-ES, um marco importante para o Programa de P\u00f3s-Gradua\u00e7\u00e3o em Ci\u00eancias Ambientais (PPGCAmb) da UFPEL, que teve aprovada sua proposta de doutorado na modalidade de ensino presencial. Essa conquista \u00e9 fruto de uma <strong>constru\u00e7\u00e3o coletiva<\/strong>, que contou com a dedica\u00e7\u00e3o de diversos integrantes da comunidade acad\u00eamica, cada um desempenhando um papel fundamental.<\/p>\n<p>\u00c9 imposs\u00edvel falar dessa vit\u00f3ria sem reconhecer o empenho incans\u00e1vel de <strong>Rafael Beltrame<\/strong> e <strong>Diuliana Leandro<\/strong>, cuja dedica\u00e7\u00e3o foi essencial para que esse sonho se tornasse realidade. Durante os momentos mais desafiadores, estiveram sempre presentes, oferecendo apoio e incentivando a equipe a continuar avan\u00e7ando.<\/p>\n<p>Al\u00e9m disso, os ex-coordenadores <strong>Gizele Gadotti<\/strong> e <strong>Robson<\/strong> <strong>Andreazza<\/strong> merecem um agradecimento especial. Mesmo em meio a uma rotina cheia de compromissos, eles encontraram tempo para estar ao lado da equipe, ajudando nas decis\u00f5es importantes e prestando suporte em momentos de dificuldade. Sua experi\u00eancia e comprometimento foram cruciais para o sucesso do projeto.<\/p>\n<p><strong>Daniela Buske<\/strong> tamb\u00e9m merece destaque, por ter auxiliado n\u00e3o apenas na proposta de doutorado do PPGCAmb, mas tamb\u00e9m na proposta de doutorado da Modelagem Matem\u00e1tica. A sua contribui\u00e7\u00e3o foi fundamental para o avan\u00e7o dessa iniciativa.<\/p>\n<p>Esse projeto s\u00f3 se tornou poss\u00edvel porque <strong>trabalhamos como grupo<\/strong>, valorizando o esfor\u00e7o coletivo. Sabemos que a colabora\u00e7\u00e3o pode ser desafiadora, principalmente em um grupo t\u00e3o diverso quanto o nosso. No entanto, foi justamente essa diversidade que nos fortaleceu, permitindo que diferentes perspectivas se somassem para formar uma proposta s\u00f3lida e inovadora.<\/p>\n<p>\u00c9 importante destacar que essa conquista representa muito mais do que um avan\u00e7o acad\u00eamico para o CENG e o PPGCAmb \u2014 ela \u00e9 um marco para a <strong>UFPEL<\/strong> como um todo. O novo curso de doutorado abrir\u00e1 portas para novas pesquisas e contribuir\u00e1 significativamente para o desenvolvimento da ci\u00eancia ambiental no Brasil.<\/p>\n<p>Ainda h\u00e1 muito trabalho pela frente. A aprova\u00e7\u00e3o da proposta \u00e9 apenas o in\u00edcio de um novo ciclo de desafios e oportunidades. Mas com o mesmo esp\u00edrito de uni\u00e3o e compromisso que nos trouxe at\u00e9 aqui, continuaremos a avan\u00e7ar, apoiando e incentivando uns aos outros.<\/p>\n<p>A todos que contribu\u00edram com esse projeto, <strong>muito obrigado<\/strong>! Esse sucesso \u00e9 de cada um de n\u00f3s. Juntos, vamos alcan\u00e7ar voos ainda mais altos.<\/p>\n<p><strong>Parab\u00e9ns a todos n\u00f3s! Parab\u00e9ns professores, TAEs, egressos e discentes!<\/strong><\/p>\n","protected":false},"excerpt":{"rendered":"<p>Entre os dias 26 e 30 de agosto de 2024, foi realizada a 231\u00aa Reuni\u00e3o do CTC-ES, um marco importante para o Programa de P\u00f3s-Gradua\u00e7\u00e3o em Ci\u00eancias Ambientais (PPGCAmb) da UFPEL, que teve aprovada sua proposta de doutorado na modalidade de ensino presencial. Essa conquista \u00e9 fruto de uma constru\u00e7\u00e3o coletiva, que contou com a [&hellip;]<\/p>\n","protected":false},"author":707,"featured_media":0,"comment_status":"closed","ping_status":"closed","sticky":false,"template":"","format":"standard","meta":{"footnotes":""},"categories":[1],"tags":[],"class_list":["post-5584","post","type-post","status-publish","format-standard","hentry","category-noticias"],"jetpack_featured_media_url":"","_links":{"self":[{"href":"https:\/\/wp.ufpel.edu.br\/ppgcamb\/wp-json\/wp\/v2\/posts\/5584","targetHints":{"allow":["GET"]}}],"collection":[{"href":"https:\/\/wp.ufpel.edu.br\/ppgcamb\/wp-json\/wp\/v2\/posts"}],"about":[{"href":"https:\/\/wp.ufpel.edu.br\/ppgcamb\/wp-json\/wp\/v2\/types\/post"}],"author":[{"embeddable":true,"href":"https:\/\/wp.ufpel.edu.br\/ppgcamb\/wp-json\/wp\/v2\/users\/707"}],"replies":[{"embeddable":true,"href":"https:\/\/wp.ufpel.edu.br\/ppgcamb\/wp-json\/wp\/v2\/comments?post=5584"}],"version-history":[{"count":1,"href":"https:\/\/wp.ufpel.edu.br\/ppgcamb\/wp-json\/wp\/v2\/posts\/5584\/revisions"}],"predecessor-version":[{"id":5586,"href":"https:\/\/wp.ufpel.edu.br\/ppgcamb\/wp-json\/wp\/v2\/posts\/5584\/revisions\/5586"}],"wp:attachment":[{"href":"https:\/\/wp.ufpel.edu.br\/ppgcamb\/wp-json\/wp\/v2\/media?parent=5584"}],"wp:term":[{"taxonomy":"category","embeddable":true,"href":"https:\/\/wp.ufpel.edu.br\/ppgcamb\/wp-json\/wp\/v2\/categories?post=5584"},{"taxonomy":"post_tag","embeddable":true,"href":"https:\/\/wp.ufpel.edu.br\/ppgcamb\/wp-json\/wp\/v2\/tags?post=5584"}],"curies":[{"name":"wp","href":"https:\/\/api.w.org\/{rel}","templated":true}]}}