{"id":5306,"date":"2024-02-19T19:18:58","date_gmt":"2024-02-19T22:18:58","guid":{"rendered":"https:\/\/wp.ufpel.edu.br\/ppgcamb\/?p=5306"},"modified":"2024-02-19T19:18:58","modified_gmt":"2024-02-19T22:18:58","slug":"defesa-de-fevereiro","status":"publish","type":"post","link":"https:\/\/wp.ufpel.edu.br\/ppgcamb\/2024\/02\/19\/defesa-de-fevereiro\/","title":{"rendered":"Defesa de Fevereiro"},"content":{"rendered":"<p>Convidamos a comunidade para a a defesa do trabalho &#8221; Inova\u00e7\u00e3o e Desenvolvimento Econ\u00f4mico: Impactos na Performance Ambiental em Escala Global &#8221; , de autoria da mestranda Roberta Hoffmann Machado, realizado sob orienta\u00e7\u00e3o do Prof. \u00c9rico Kunde Corr\u00eaa, coorientado pelo Prof. Everton Anger Cavalheiro, a ser realizada no dia 26 de fevereiro de 2024 \u00e0s 14h no link (https:\/\/webconf.ufpel.edu.br\/b\/eve-br7-0g4-llu)<img class=\"alignnone size-medium wp-image-5308\" src=\"https:\/\/wp.ufpel.edu.br\/ppgcamb\/files\/2024\/02\/defesa-1-400x400.png\" alt=\"\" width=\"400\" height=\"400\" srcset=\"https:\/\/wp.ufpel.edu.br\/ppgcamb\/files\/2024\/02\/defesa-1-400x400.png 400w, https:\/\/wp.ufpel.edu.br\/ppgcamb\/files\/2024\/02\/defesa-1-1024x1024.png 1024w, https:\/\/wp.ufpel.edu.br\/ppgcamb\/files\/2024\/02\/defesa-1-200x200.png 200w, https:\/\/wp.ufpel.edu.br\/ppgcamb\/files\/2024\/02\/defesa-1-768x768.png 768w, https:\/\/wp.ufpel.edu.br\/ppgcamb\/files\/2024\/02\/defesa-1.png 1080w\" sizes=\"(max-width: 400px) 100vw, 400px\" \/> <img class=\"alignnone size-medium wp-image-5309\" src=\"https:\/\/wp.ufpel.edu.br\/ppgcamb\/files\/2024\/02\/roberta-400x400.png\" alt=\"\" width=\"400\" height=\"400\" srcset=\"https:\/\/wp.ufpel.edu.br\/ppgcamb\/files\/2024\/02\/roberta-400x400.png 400w, https:\/\/wp.ufpel.edu.br\/ppgcamb\/files\/2024\/02\/roberta-200x200.png 200w, https:\/\/wp.ufpel.edu.br\/ppgcamb\/files\/2024\/02\/roberta.png 643w\" sizes=\"(max-width: 400px) 100vw, 400px\" \/><\/p>\n","protected":false},"excerpt":{"rendered":"<p>Convidamos a comunidade para a a defesa do trabalho &#8221; Inova\u00e7\u00e3o e Desenvolvimento Econ\u00f4mico: Impactos na Performance Ambiental em Escala Global &#8221; , de autoria da mestranda Roberta Hoffmann Machado, realizado sob orienta\u00e7\u00e3o do Prof. \u00c9rico Kunde Corr\u00eaa, coorientado pelo Prof. Everton Anger Cavalheiro, a ser realizada no dia 26 de fevereiro de 2024 \u00e0s [&hellip;]<\/p>\n","protected":false},"author":707,"featured_media":0,"comment_status":"closed","ping_status":"closed","sticky":false,"template":"","format":"standard","meta":{"footnotes":""},"categories":[1],"tags":[],"class_list":["post-5306","post","type-post","status-publish","format-standard","hentry","category-noticias"],"jetpack_featured_media_url":"","_links":{"self":[{"href":"https:\/\/wp.ufpel.edu.br\/ppgcamb\/wp-json\/wp\/v2\/posts\/5306","targetHints":{"allow":["GET"]}}],"collection":[{"href":"https:\/\/wp.ufpel.edu.br\/ppgcamb\/wp-json\/wp\/v2\/posts"}],"about":[{"href":"https:\/\/wp.ufpel.edu.br\/ppgcamb\/wp-json\/wp\/v2\/types\/post"}],"author":[{"embeddable":true,"href":"https:\/\/wp.ufpel.edu.br\/ppgcamb\/wp-json\/wp\/v2\/users\/707"}],"replies":[{"embeddable":true,"href":"https:\/\/wp.ufpel.edu.br\/ppgcamb\/wp-json\/wp\/v2\/comments?post=5306"}],"version-history":[{"count":1,"href":"https:\/\/wp.ufpel.edu.br\/ppgcamb\/wp-json\/wp\/v2\/posts\/5306\/revisions"}],"predecessor-version":[{"id":5310,"href":"https:\/\/wp.ufpel.edu.br\/ppgcamb\/wp-json\/wp\/v2\/posts\/5306\/revisions\/5310"}],"wp:attachment":[{"href":"https:\/\/wp.ufpel.edu.br\/ppgcamb\/wp-json\/wp\/v2\/media?parent=5306"}],"wp:term":[{"taxonomy":"category","embeddable":true,"href":"https:\/\/wp.ufpel.edu.br\/ppgcamb\/wp-json\/wp\/v2\/categories?post=5306"},{"taxonomy":"post_tag","embeddable":true,"href":"https:\/\/wp.ufpel.edu.br\/ppgcamb\/wp-json\/wp\/v2\/tags?post=5306"}],"curies":[{"name":"wp","href":"https:\/\/api.w.org\/{rel}","templated":true}]}}