{"id":5278,"date":"2024-02-11T14:16:19","date_gmt":"2024-02-11T17:16:19","guid":{"rendered":"https:\/\/wp.ufpel.edu.br\/ppgcamb\/?p=5278"},"modified":"2024-02-11T14:17:03","modified_gmt":"2024-02-11T17:17:03","slug":"dia-internacional-das-mulheres-e-meninas-nas-ciencias","status":"publish","type":"post","link":"https:\/\/wp.ufpel.edu.br\/ppgcamb\/2024\/02\/11\/dia-internacional-das-mulheres-e-meninas-nas-ciencias\/","title":{"rendered":"Dia Internacional das Mulheres e Meninas nas Ci\u00eancias"},"content":{"rendered":"<p><img class=\"size-medium wp-image-5281 aligncenter\" src=\"https:\/\/wp.ufpel.edu.br\/ppgcamb\/files\/2024\/02\/Dia-internacional-das-mulheres-e-meninas-na-ciencia-Instagram-post-400x400.png\" alt=\"\" width=\"400\" height=\"400\" srcset=\"https:\/\/wp.ufpel.edu.br\/ppgcamb\/files\/2024\/02\/Dia-internacional-das-mulheres-e-meninas-na-ciencia-Instagram-post-400x400.png 400w, https:\/\/wp.ufpel.edu.br\/ppgcamb\/files\/2024\/02\/Dia-internacional-das-mulheres-e-meninas-na-ciencia-Instagram-post-1024x1024.png 1024w, https:\/\/wp.ufpel.edu.br\/ppgcamb\/files\/2024\/02\/Dia-internacional-das-mulheres-e-meninas-na-ciencia-Instagram-post-200x200.png 200w, https:\/\/wp.ufpel.edu.br\/ppgcamb\/files\/2024\/02\/Dia-internacional-das-mulheres-e-meninas-na-ciencia-Instagram-post-768x768.png 768w, https:\/\/wp.ufpel.edu.br\/ppgcamb\/files\/2024\/02\/Dia-internacional-das-mulheres-e-meninas-na-ciencia-Instagram-post.png 1080w\" sizes=\"(max-width: 400px) 100vw, 400px\" \/><\/p>\n<p>Hoje celebramos o Dia Internacional das Mulheres e Meninas nas Ci\u00eancias, uma ocasi\u00e3o para reconhecer e homenagear as conquistas e contribui\u00e7\u00f5es incr\u00edveis das mulheres em todos os campos da ci\u00eancia. Este \u00e9 um momento para inspirar e capacitar a pr\u00f3xima gera\u00e7\u00e3o de cientistas, desafiando estere\u00f3tipos de g\u00eanero e promovendo a igualdade de oportunidades. \u00c0 medida que celebramos os sucessos passados, tamb\u00e9m olhamos para o futuro, onde as mulheres continuar\u00e3o a liderar, inovar e moldar o mundo atrav\u00e9s da ci\u00eancia. Que possamos aproveitar esta oportunidade para apoiar e encorajar todas as mulheres e meninas a perseguirem seus sonhos cient\u00edficos, capacitando-as a alcan\u00e7ar todo o seu potencial. Juntos, podemos criar um futuro onde a ci\u00eancia seja verdadeiramente inclusiva e diversificada. Feliz Dia Internacional das Mulheres e Meninas nas Ci\u00eancias!<\/p>\n<p>\ud83c\udf1f\ud83d\udd2c<\/p>\n<p>#MulheresNaCi\u00eancia<\/p>\n<p>#Inclus\u00e3oCient\u00edfica<\/p>\n","protected":false},"excerpt":{"rendered":"<p>Hoje celebramos o Dia Internacional das Mulheres e Meninas nas Ci\u00eancias, uma ocasi\u00e3o para reconhecer e homenagear as conquistas e contribui\u00e7\u00f5es incr\u00edveis das mulheres em todos os campos da ci\u00eancia. Este \u00e9 um momento para inspirar e capacitar a pr\u00f3xima gera\u00e7\u00e3o de cientistas, desafiando estere\u00f3tipos de g\u00eanero e promovendo a igualdade de oportunidades. \u00c0 medida [&hellip;]<\/p>\n","protected":false},"author":707,"featured_media":0,"comment_status":"closed","ping_status":"closed","sticky":false,"template":"","format":"standard","meta":{"footnotes":""},"categories":[1],"tags":[],"class_list":["post-5278","post","type-post","status-publish","format-standard","hentry","category-noticias"],"jetpack_featured_media_url":"","_links":{"self":[{"href":"https:\/\/wp.ufpel.edu.br\/ppgcamb\/wp-json\/wp\/v2\/posts\/5278","targetHints":{"allow":["GET"]}}],"collection":[{"href":"https:\/\/wp.ufpel.edu.br\/ppgcamb\/wp-json\/wp\/v2\/posts"}],"about":[{"href":"https:\/\/wp.ufpel.edu.br\/ppgcamb\/wp-json\/wp\/v2\/types\/post"}],"author":[{"embeddable":true,"href":"https:\/\/wp.ufpel.edu.br\/ppgcamb\/wp-json\/wp\/v2\/users\/707"}],"replies":[{"embeddable":true,"href":"https:\/\/wp.ufpel.edu.br\/ppgcamb\/wp-json\/wp\/v2\/comments?post=5278"}],"version-history":[{"count":2,"href":"https:\/\/wp.ufpel.edu.br\/ppgcamb\/wp-json\/wp\/v2\/posts\/5278\/revisions"}],"predecessor-version":[{"id":5283,"href":"https:\/\/wp.ufpel.edu.br\/ppgcamb\/wp-json\/wp\/v2\/posts\/5278\/revisions\/5283"}],"wp:attachment":[{"href":"https:\/\/wp.ufpel.edu.br\/ppgcamb\/wp-json\/wp\/v2\/media?parent=5278"}],"wp:term":[{"taxonomy":"category","embeddable":true,"href":"https:\/\/wp.ufpel.edu.br\/ppgcamb\/wp-json\/wp\/v2\/categories?post=5278"},{"taxonomy":"post_tag","embeddable":true,"href":"https:\/\/wp.ufpel.edu.br\/ppgcamb\/wp-json\/wp\/v2\/tags?post=5278"}],"curies":[{"name":"wp","href":"https:\/\/api.w.org\/{rel}","templated":true}]}}