{"id":5271,"date":"2024-02-09T16:47:49","date_gmt":"2024-02-09T19:47:49","guid":{"rendered":"https:\/\/wp.ufpel.edu.br\/ppgcamb\/?p=5271"},"modified":"2024-02-22T19:15:05","modified_gmt":"2024-02-22T22:15:05","slug":"defesas-e-qualificacoes-de-marco-2024","status":"publish","type":"post","link":"https:\/\/wp.ufpel.edu.br\/ppgcamb\/2024\/02\/09\/defesas-e-qualificacoes-de-marco-2024\/","title":{"rendered":"Defesas e Qualifica\u00e7\u00f5es de Mar\u00e7o\/2024"},"content":{"rendered":"<p>O PPGCAmb convida a comunidade para<\/p>\n<ul>\n<li>&#8220;Fotocatalisadores \u00e0 base de nitreto de carbono graf\u00edtico (g-C3N4) com aplica\u00e7\u00e3o em fotocat\u00e1lise heterog\u00eanea sob irradia\u00e7\u00e3o de luz solar visando a degrada\u00e7\u00e3o de diclofenaco de s\u00f3dio&#8221; de autoria do mestrando Jos\u00e9 Andr\u00e9 Ferreira, realizado sob orienta\u00e7\u00e3o do Prof. Cicero Escobar a ser realizada no dia 08 de mar\u00e7o de 2024 \u00e0s 14h no Sala 313 Cotada.<\/li>\n<\/ul>\n<p>&nbsp;<\/p>\n<ul>\n<li><img class=\"alignnone size-medium wp-image-5315\" src=\"https:\/\/wp.ufpel.edu.br\/ppgcamb\/files\/2024\/02\/defesa-2-400x400.png\" alt=\"\" width=\"400\" height=\"400\" srcset=\"https:\/\/wp.ufpel.edu.br\/ppgcamb\/files\/2024\/02\/defesa-2-400x400.png 400w, https:\/\/wp.ufpel.edu.br\/ppgcamb\/files\/2024\/02\/defesa-2-1024x1024.png 1024w, https:\/\/wp.ufpel.edu.br\/ppgcamb\/files\/2024\/02\/defesa-2-200x200.png 200w, https:\/\/wp.ufpel.edu.br\/ppgcamb\/files\/2024\/02\/defesa-2-768x768.png 768w, https:\/\/wp.ufpel.edu.br\/ppgcamb\/files\/2024\/02\/defesa-2.png 1080w\" sizes=\"(max-width: 400px) 100vw, 400px\" \/> <img class=\"alignnone size-medium wp-image-5316\" src=\"https:\/\/wp.ufpel.edu.br\/ppgcamb\/files\/2024\/02\/jose-400x400.png\" alt=\"\" width=\"400\" height=\"400\" srcset=\"https:\/\/wp.ufpel.edu.br\/ppgcamb\/files\/2024\/02\/jose-400x400.png 400w, https:\/\/wp.ufpel.edu.br\/ppgcamb\/files\/2024\/02\/jose-200x200.png 200w, https:\/\/wp.ufpel.edu.br\/ppgcamb\/files\/2024\/02\/jose.png 643w\" sizes=\"(max-width: 400px) 100vw, 400px\" \/><\/li>\n<li>&#8220;Res\u00edduos de Sistemas Agroflorestais para produ\u00e7\u00e3o de recipientes biodegrad\u00e1veis para mudas florestais &#8221; de autoria da mestranda Mayara de Oliveira Alves Branco,\u00a0 realizado sob orienta\u00e7\u00e3o do Prof. Rafael Beltrame e coorientado pela Prof\u00aa. Mar\u00edlia Lazarotto a ser realizada no dia 07 de mar\u00e7o de 2024 \u00e0s 9h no Pr\u00e9dio da Engenharia Industrial e Madeireira<\/li>\n<\/ul>\n<p><img class=\"alignnone size-medium wp-image-5312\" src=\"https:\/\/wp.ufpel.edu.br\/ppgcamb\/files\/2024\/02\/may-400x400.png\" alt=\"\" width=\"400\" height=\"400\" srcset=\"https:\/\/wp.ufpel.edu.br\/ppgcamb\/files\/2024\/02\/may-400x400.png 400w, https:\/\/wp.ufpel.edu.br\/ppgcamb\/files\/2024\/02\/may-200x200.png 200w, https:\/\/wp.ufpel.edu.br\/ppgcamb\/files\/2024\/02\/may.png 643w\" sizes=\"(max-width: 400px) 100vw, 400px\" \/> <img class=\"alignnone size-medium wp-image-5313\" src=\"https:\/\/wp.ufpel.edu.br\/ppgcamb\/files\/2024\/02\/defesa-3-400x400.png\" alt=\"\" width=\"400\" height=\"400\" srcset=\"https:\/\/wp.ufpel.edu.br\/ppgcamb\/files\/2024\/02\/defesa-3-400x400.png 400w, https:\/\/wp.ufpel.edu.br\/ppgcamb\/files\/2024\/02\/defesa-3-1024x1024.png 1024w, https:\/\/wp.ufpel.edu.br\/ppgcamb\/files\/2024\/02\/defesa-3-200x200.png 200w, https:\/\/wp.ufpel.edu.br\/ppgcamb\/files\/2024\/02\/defesa-3-768x768.png 768w, https:\/\/wp.ufpel.edu.br\/ppgcamb\/files\/2024\/02\/defesa-3.png 1080w\" sizes=\"(max-width: 400px) 100vw, 400px\" \/><\/p>\n<p>&nbsp;<\/p>\n<ul>\n<li style=\"text-align: justify;\">&#8220;Avalia\u00e7\u00e3o das emiss\u00f5es ac\u00fasticas antropog\u00eanicas no centro da cidade de Rio Grande, RS-Brasil&#8221; de autoria do mestrando Eduardo dos Santos Nunes, realizado sob orienta\u00e7\u00e3o do Prof\u00aa. Gizele Ingrid Gadotti a ser realizada no dia 05 de mar\u00e7o de 2024 \u00e0s 14h no Campus Cap\u00e3o do Le\u00e3o, Pr\u00e9dio 33 Sala 1.<\/li>\n<\/ul>\n<p><img class=\"alignnone size-medium wp-image-5273\" src=\"https:\/\/wp.ufpel.edu.br\/ppgcamb\/files\/2024\/02\/defesa-400x400.png\" alt=\"\" width=\"400\" height=\"400\" srcset=\"https:\/\/wp.ufpel.edu.br\/ppgcamb\/files\/2024\/02\/defesa-400x400.png 400w, https:\/\/wp.ufpel.edu.br\/ppgcamb\/files\/2024\/02\/defesa-1024x1024.png 1024w, https:\/\/wp.ufpel.edu.br\/ppgcamb\/files\/2024\/02\/defesa-200x200.png 200w, https:\/\/wp.ufpel.edu.br\/ppgcamb\/files\/2024\/02\/defesa-768x768.png 768w, https:\/\/wp.ufpel.edu.br\/ppgcamb\/files\/2024\/02\/defesa.png 1080w\" sizes=\"(max-width: 400px) 100vw, 400px\" \/> <img class=\"alignnone size-medium wp-image-5276\" src=\"https:\/\/wp.ufpel.edu.br\/ppgcamb\/files\/2024\/02\/eduardo-400x400.png\" alt=\"\" width=\"400\" height=\"400\" srcset=\"https:\/\/wp.ufpel.edu.br\/ppgcamb\/files\/2024\/02\/eduardo-400x400.png 400w, https:\/\/wp.ufpel.edu.br\/ppgcamb\/files\/2024\/02\/eduardo-200x200.png 200w, https:\/\/wp.ufpel.edu.br\/ppgcamb\/files\/2024\/02\/eduardo.png 643w\" sizes=\"(max-width: 400px) 100vw, 400px\" \/><\/p>\n<p>&nbsp;<\/p>\n","protected":false},"excerpt":{"rendered":"<p>O PPGCAmb convida a comunidade para &#8220;Fotocatalisadores \u00e0 base de nitreto de carbono graf\u00edtico (g-C3N4) com aplica\u00e7\u00e3o em fotocat\u00e1lise heterog\u00eanea sob irradia\u00e7\u00e3o de luz solar visando a degrada\u00e7\u00e3o de diclofenaco de s\u00f3dio&#8221; de autoria do mestrando Jos\u00e9 Andr\u00e9 Ferreira, realizado sob orienta\u00e7\u00e3o do Prof. Cicero Escobar a ser realizada no dia 08 de mar\u00e7o de [&hellip;]<\/p>\n","protected":false},"author":707,"featured_media":0,"comment_status":"closed","ping_status":"closed","sticky":false,"template":"","format":"standard","meta":{"footnotes":""},"categories":[1],"tags":[],"class_list":["post-5271","post","type-post","status-publish","format-standard","hentry","category-noticias"],"jetpack_featured_media_url":"","_links":{"self":[{"href":"https:\/\/wp.ufpel.edu.br\/ppgcamb\/wp-json\/wp\/v2\/posts\/5271","targetHints":{"allow":["GET"]}}],"collection":[{"href":"https:\/\/wp.ufpel.edu.br\/ppgcamb\/wp-json\/wp\/v2\/posts"}],"about":[{"href":"https:\/\/wp.ufpel.edu.br\/ppgcamb\/wp-json\/wp\/v2\/types\/post"}],"author":[{"embeddable":true,"href":"https:\/\/wp.ufpel.edu.br\/ppgcamb\/wp-json\/wp\/v2\/users\/707"}],"replies":[{"embeddable":true,"href":"https:\/\/wp.ufpel.edu.br\/ppgcamb\/wp-json\/wp\/v2\/comments?post=5271"}],"version-history":[{"count":7,"href":"https:\/\/wp.ufpel.edu.br\/ppgcamb\/wp-json\/wp\/v2\/posts\/5271\/revisions"}],"predecessor-version":[{"id":5319,"href":"https:\/\/wp.ufpel.edu.br\/ppgcamb\/wp-json\/wp\/v2\/posts\/5271\/revisions\/5319"}],"wp:attachment":[{"href":"https:\/\/wp.ufpel.edu.br\/ppgcamb\/wp-json\/wp\/v2\/media?parent=5271"}],"wp:term":[{"taxonomy":"category","embeddable":true,"href":"https:\/\/wp.ufpel.edu.br\/ppgcamb\/wp-json\/wp\/v2\/categories?post=5271"},{"taxonomy":"post_tag","embeddable":true,"href":"https:\/\/wp.ufpel.edu.br\/ppgcamb\/wp-json\/wp\/v2\/tags?post=5271"}],"curies":[{"name":"wp","href":"https:\/\/api.w.org\/{rel}","templated":true}]}}