{"id":4010,"date":"2022-08-03T17:49:08","date_gmt":"2022-08-03T20:49:08","guid":{"rendered":"https:\/\/wp.ufpel.edu.br\/ppgcamb\/?p=4010"},"modified":"2022-08-03T17:54:33","modified_gmt":"2022-08-03T20:54:33","slug":"o-financiamento-da-pesquisa-no-brasil","status":"publish","type":"post","link":"https:\/\/wp.ufpel.edu.br\/ppgcamb\/2022\/08\/03\/o-financiamento-da-pesquisa-no-brasil\/","title":{"rendered":"O Financiamento da Pesquisa no Brasil"},"content":{"rendered":"<div class=\"_a9zs\" style=\"text-align: justify;\"><span class=\"_aacl _aaco _aacu _aacx _aad7 _aade\">A Pr\u00f3-Reitoria de Pesquisa e P\u00f3s-Gradua\u00e7\u00e3o da UFPel realizar\u00e1 a Aula Inaugural da P\u00f3s-Gradua\u00e7\u00e3o da UFPel no dia 10 de agosto, \u00e0s 14h, no Audit\u00f3rio da Faculdade de Agronomia Eliseu Maciel (Faem). O tema ser\u00e1 \u201cO Financiamento da Pesquisa no Brasil\u201d. O palestrante ser\u00e1 o presidente da Fapergs e do Conselho Nacional das Funda\u00e7\u00f5es Estaduais de Amparo \u00e0 Pesquisa (Confap), Odir Dellagostin.<\/span><\/div>\n<div class=\"_ab8w _ab94 _ab99 _ab9f _ab9m _ab9p _abaj _abc0 _abcm\">\n<div class=\"_aacl _aacn _aacu _aacy _aad6\">Todos os pesquisadores alunos e professores est\u00e3o convidados!<\/div>\n<\/div>\n<div><\/div>\n<div><\/div>\n<div>.<\/div>\n<div class=\"_ab8w _ab94 _ab99 _ab9f _ab9m _ab9p _abaj _abc0 _abcm\">\n<div><\/div>\n<div><img class=\"size-medium wp-image-4013 aligncenter\" src=\"https:\/\/wp.ufpel.edu.br\/ppgcamb\/files\/2022\/08\/Captura-de-tela-2022-08-03-174923-400x400.png\" alt=\"\" width=\"400\" height=\"400\" srcset=\"https:\/\/wp.ufpel.edu.br\/ppgcamb\/files\/2022\/08\/Captura-de-tela-2022-08-03-174923-400x400.png 400w, https:\/\/wp.ufpel.edu.br\/ppgcamb\/files\/2022\/08\/Captura-de-tela-2022-08-03-174923-200x200.png 200w, https:\/\/wp.ufpel.edu.br\/ppgcamb\/files\/2022\/08\/Captura-de-tela-2022-08-03-174923.png 750w\" sizes=\"(max-width: 400px) 100vw, 400px\" \/><\/div>\n<\/div>\n","protected":false},"excerpt":{"rendered":"<p>A Pr\u00f3-Reitoria de Pesquisa e P\u00f3s-Gradua\u00e7\u00e3o da UFPel realizar\u00e1 a Aula Inaugural da P\u00f3s-Gradua\u00e7\u00e3o da UFPel no dia 10 de agosto, \u00e0s 14h, no Audit\u00f3rio da Faculdade de Agronomia Eliseu Maciel (Faem). O tema ser\u00e1 \u201cO Financiamento da Pesquisa no Brasil\u201d. O palestrante ser\u00e1 o presidente da Fapergs e do Conselho Nacional das Funda\u00e7\u00f5es Estaduais [&hellip;]<\/p>\n","protected":false},"author":707,"featured_media":0,"comment_status":"closed","ping_status":"closed","sticky":false,"template":"","format":"standard","meta":{"footnotes":""},"categories":[1],"tags":[],"class_list":["post-4010","post","type-post","status-publish","format-standard","hentry","category-noticias"],"jetpack_featured_media_url":"","_links":{"self":[{"href":"https:\/\/wp.ufpel.edu.br\/ppgcamb\/wp-json\/wp\/v2\/posts\/4010","targetHints":{"allow":["GET"]}}],"collection":[{"href":"https:\/\/wp.ufpel.edu.br\/ppgcamb\/wp-json\/wp\/v2\/posts"}],"about":[{"href":"https:\/\/wp.ufpel.edu.br\/ppgcamb\/wp-json\/wp\/v2\/types\/post"}],"author":[{"embeddable":true,"href":"https:\/\/wp.ufpel.edu.br\/ppgcamb\/wp-json\/wp\/v2\/users\/707"}],"replies":[{"embeddable":true,"href":"https:\/\/wp.ufpel.edu.br\/ppgcamb\/wp-json\/wp\/v2\/comments?post=4010"}],"version-history":[{"count":4,"href":"https:\/\/wp.ufpel.edu.br\/ppgcamb\/wp-json\/wp\/v2\/posts\/4010\/revisions"}],"predecessor-version":[{"id":4016,"href":"https:\/\/wp.ufpel.edu.br\/ppgcamb\/wp-json\/wp\/v2\/posts\/4010\/revisions\/4016"}],"wp:attachment":[{"href":"https:\/\/wp.ufpel.edu.br\/ppgcamb\/wp-json\/wp\/v2\/media?parent=4010"}],"wp:term":[{"taxonomy":"category","embeddable":true,"href":"https:\/\/wp.ufpel.edu.br\/ppgcamb\/wp-json\/wp\/v2\/categories?post=4010"},{"taxonomy":"post_tag","embeddable":true,"href":"https:\/\/wp.ufpel.edu.br\/ppgcamb\/wp-json\/wp\/v2\/tags?post=4010"}],"curies":[{"name":"wp","href":"https:\/\/api.w.org\/{rel}","templated":true}]}}