{"id":1703,"date":"2020-02-29T19:22:41","date_gmt":"2020-02-29T22:22:41","guid":{"rendered":"https:\/\/wp.ufpel.edu.br\/ppgcamb\/?p=1703"},"modified":"2020-02-29T19:22:41","modified_gmt":"2020-02-29T22:22:41","slug":"professor-do-ppgcamb-participara-do-te-liga-bio-de-luzda-radio-cultura","status":"publish","type":"post","link":"https:\/\/wp.ufpel.edu.br\/ppgcamb\/2020\/02\/29\/professor-do-ppgcamb-participara-do-te-liga-bio-de-luzda-radio-cultura\/","title":{"rendered":"Professor do PPGCAmb participar\u00e1 do \u201cTe Liga Bio de Luz\u201dda r\u00e1dio Cultura"},"content":{"rendered":"<p style=\"text-align: justify\">Dia 2 de mar\u00e7o de 2020 as 16h ao vivo o professor, do Programa de P\u00f3s Gradua\u00e7\u00e3o em Ci\u00eancias Ambientais e tamb\u00e9m do Programa de P\u00f3s Gradua\u00e7\u00e3o em Ci\u00eancias \u00a0Engenharia de Materiais da UFPel, Dr. Rafael Beltrame, juntamente com a Doutoranda D\u00e9bora Duarte Ribes do Programa de P\u00f3s Gradua\u00e7\u00e3o em Ci\u00eancias e Engenharia de Materiais da UFPel,\u00a0ir\u00e3o participar do programa \u201cTe Liga Bio de Luz\u201d, no Facebook da r\u00e1dio Cultura. Eles iram falar sobre o projeto de pesquisa que visa produzir uma pele artificial atrav\u00e9s de celulose vegetal oriunda da madeira, para uso em queimados e feridas provenientes da diabetes. Al\u00e9m de falar sobre esse projeto, iram apresentar as demais pesquisas desenvolvidas pelo grupo Ci\u00eancia da Madeira, pertencente ao Centro de Engenharia da UFPel.<\/p>\n<p>&nbsp;<\/p>\n<p><img class=\"alignnone size-full wp-image-1705\" src=\"https:\/\/wp.ufpel.edu.br\/ppgcamb\/files\/2020\/02\/rafael.png\" alt=\"\" width=\"793\" height=\"1122\" srcset=\"https:\/\/wp.ufpel.edu.br\/ppgcamb\/files\/2020\/02\/rafael.png 793w, https:\/\/wp.ufpel.edu.br\/ppgcamb\/files\/2020\/02\/rafael-283x400.png 283w, https:\/\/wp.ufpel.edu.br\/ppgcamb\/files\/2020\/02\/rafael-724x1024.png 724w, https:\/\/wp.ufpel.edu.br\/ppgcamb\/files\/2020\/02\/rafael-768x1087.png 768w\" sizes=\"(max-width: 793px) 100vw, 793px\" \/><\/p>\n<p>.<\/p>\n","protected":false},"excerpt":{"rendered":"<p>Dia 2 de mar\u00e7o de 2020 as 16h ao vivo o professor, do Programa de P\u00f3s Gradua\u00e7\u00e3o em Ci\u00eancias Ambientais e tamb\u00e9m do Programa de P\u00f3s Gradua\u00e7\u00e3o em Ci\u00eancias \u00a0Engenharia de Materiais da UFPel, Dr. Rafael Beltrame, juntamente com a Doutoranda D\u00e9bora Duarte Ribes do Programa de P\u00f3s Gradua\u00e7\u00e3o em Ci\u00eancias e Engenharia de Materiais [&hellip;]<\/p>\n","protected":false},"author":707,"featured_media":0,"comment_status":"closed","ping_status":"closed","sticky":false,"template":"","format":"standard","meta":{"footnotes":""},"categories":[1],"tags":[],"class_list":["post-1703","post","type-post","status-publish","format-standard","hentry","category-noticias"],"jetpack_featured_media_url":"","_links":{"self":[{"href":"https:\/\/wp.ufpel.edu.br\/ppgcamb\/wp-json\/wp\/v2\/posts\/1703","targetHints":{"allow":["GET"]}}],"collection":[{"href":"https:\/\/wp.ufpel.edu.br\/ppgcamb\/wp-json\/wp\/v2\/posts"}],"about":[{"href":"https:\/\/wp.ufpel.edu.br\/ppgcamb\/wp-json\/wp\/v2\/types\/post"}],"author":[{"embeddable":true,"href":"https:\/\/wp.ufpel.edu.br\/ppgcamb\/wp-json\/wp\/v2\/users\/707"}],"replies":[{"embeddable":true,"href":"https:\/\/wp.ufpel.edu.br\/ppgcamb\/wp-json\/wp\/v2\/comments?post=1703"}],"version-history":[{"count":2,"href":"https:\/\/wp.ufpel.edu.br\/ppgcamb\/wp-json\/wp\/v2\/posts\/1703\/revisions"}],"predecessor-version":[{"id":1707,"href":"https:\/\/wp.ufpel.edu.br\/ppgcamb\/wp-json\/wp\/v2\/posts\/1703\/revisions\/1707"}],"wp:attachment":[{"href":"https:\/\/wp.ufpel.edu.br\/ppgcamb\/wp-json\/wp\/v2\/media?parent=1703"}],"wp:term":[{"taxonomy":"category","embeddable":true,"href":"https:\/\/wp.ufpel.edu.br\/ppgcamb\/wp-json\/wp\/v2\/categories?post=1703"},{"taxonomy":"post_tag","embeddable":true,"href":"https:\/\/wp.ufpel.edu.br\/ppgcamb\/wp-json\/wp\/v2\/tags?post=1703"}],"curies":[{"name":"wp","href":"https:\/\/api.w.org\/{rel}","templated":true}]}}