{"id":1058,"date":"2026-03-18T22:32:49","date_gmt":"2026-03-19T01:32:49","guid":{"rendered":"https:\/\/wp.ufpel.edu.br\/ppgbdiv\/?p=1058"},"modified":"2026-03-25T15:33:16","modified_gmt":"2026-03-25T18:33:16","slug":"defesas-2026","status":"publish","type":"post","link":"https:\/\/wp.ufpel.edu.br\/ppgbdiv\/2026\/03\/18\/defesas-2026\/","title":{"rendered":"Defesas 2026"},"content":{"rendered":"<h2 style=\"text-align: center; font-size: 18pt;\"><strong>Calend\u00e1rio de defesas PPGBDiv 2026<\/strong><\/h2>\n<h2 style=\"font-size: 15pt;\"><strong>Dia 23 de mar\u00e7o:<\/strong><\/h2>\n<p style=\"margin-left: 40px; line-height: 1.3;\"><span style=\"font-size: 12pt; font-family: georgia, palatino, serif;\"><strong>Mestranda:<\/strong> Vivian de Souza Centeno<\/span><br \/>\n<span style=\"font-size: 12pt; font-family: georgia, palatino, serif;\"><strong>T\u00edtulo da disserta\u00e7\u00e3o:<\/strong> Din\u00e2mica da comunidade de formigas em <em>Myrsine guianensis<\/em>: padr\u00f5es sazonais e verticais em uma floresta de restinga subtropical<\/span><br \/>\n<span style=\"font-size: 12pt; font-family: georgia, palatino, serif;\"><strong>Orientador:<\/strong> Dr. Sebastian Felipe Sendoya Echeverry<\/span><br \/>\n<span style=\"font-size: 12pt; font-family: georgia, palatino, serif;\"><strong>Coorientadora:<\/strong> Dra. Mayra Cadorin Vidal<\/span><br \/>\n<span style=\"font-size: 12pt; font-family: georgia, palatino, serif;\"><strong>Hor\u00e1rio:<\/strong> 14h<\/span><br \/>\n<span style=\"font-size: 12pt; font-family: georgia, palatino, serif;\"><strong>Local:<\/strong> sala 08, Departamento de Ecologia, Zoologia e Gen\u00e9tica (pr\u00e9dio 23)<\/span><\/p>\n<p style=\"margin-left: 40px; line-height: 1.3;\"><span style=\"font-family: georgia, palatino, serif; font-size: 12pt;\"><strong>Mestrando:<\/strong> Martim Braulio Peres Silva<\/span><br \/>\n<span style=\"font-family: georgia, palatino, serif; font-size: 12pt;\"><strong>T\u00edtulo da disserta\u00e7\u00e3o:<\/strong> Diversidade morfol\u00f3gica em dros\u00f3filas flor\u00edcolas: um estudo sobre a taxonomia e morfologia funcional no grupo da <em>Drosophila bromeliae<\/em> (Diptera; Drosophilidae)<\/span><br \/>\n<span style=\"font-family: georgia, palatino, serif; font-size: 12pt;\"><strong>Orientador:<\/strong> Dr. Marco Silva Gottschalk<\/span><br \/>\n<span style=\"font-family: georgia, palatino, serif; font-size: 12pt;\"><strong>Coorientadora:<\/strong> Dra. Juliana Cordeiro<\/span><br \/>\n<span style=\"font-family: georgia, palatino, serif; font-size: 12pt;\"><strong>Hor\u00e1rio:<\/strong> 14h<\/span><br \/>\n<span style=\"font-family: georgia, palatino, serif; font-size: 12pt;\"><strong>Local:<\/strong> sala 5b (multim\u00eddea), Departamento de Bot\u00e2nica (pr\u00e9dio 21)<\/span><\/p>\n<h2 style=\"font-size: 15pt;\"><strong>Dia 25 de mar\u00e7o:<\/strong><\/h2>\n<p style=\"margin-left: 40px; line-height: 1.3;\"><span style=\"font-family: georgia, palatino, serif; font-size: 12pt;\"><strong>Mestrando: <\/strong>Lucas Vin\u00edcius do Nascimento<br \/>\n<strong>T\u00edtulo da disserta\u00e7\u00e3o:<\/strong> A perspectiva das f\u00eameas na busca por parceiros sexuais em esp\u00e9cie com presente nupcial: influ\u00eancia da condi\u00e7\u00e3o fisiol\u00f3gica<strong><br \/>\nOrientador: <\/strong>Dr. Luiz Ernesto Costa-Schmidt<strong><br \/>\nCoorientador:<\/strong> Dr. Sebastian Felipe Sendoya Echeverry<strong><br \/>\nHor\u00e1rio:<\/strong> 09h<strong><br \/>\nLocal: <\/strong>sala 08, Departamento de Ecologia, Zoologia e Gen\u00e9tica (pr\u00e9dio 23)<\/span><\/p>\n<p style=\"margin-left: 40px; line-height: 1.3;\"><span style=\"font-family: georgia, palatino, serif; font-size: 12pt;\"><strong>Mestranda:<\/strong> P\u00e2mela Martins Dutra<\/span><br \/>\n<span style=\"font-family: georgia, palatino, serif; font-size: 12pt;\"><strong>T\u00edtulo da disserta\u00e7\u00e3o:<\/strong> T\u00edtulo da disserta\u00e7\u00e3o: Monitoramento da distribui\u00e7\u00e3o temporal de borboletas frug\u00edvoras em \u00e1reas de restinga no extremo sul do Rio Grande do Sul<\/span><br \/>\n<span style=\"font-family: georgia, palatino, serif; font-size: 12pt;\"><strong>Orientador:<\/strong> Dr. Cristiano Agra Iserhard<\/span><br \/>\n<span style=\"font-family: georgia, palatino, serif; font-size: 12pt;\"><strong>Hor\u00e1rio:<\/strong> 14h<\/span><br \/>\n<span style=\"font-family: georgia, palatino, serif; font-size: 12pt;\"><strong>Local:<\/strong> sala 08, Departamento de Ecologia, Zoologia e Gen\u00e9tica (pr\u00e9dio 23)<\/span><\/p>\n<h2 style=\"font-size: 15pt;\"><strong>Dia 26 de mar\u00e7o:<\/strong><\/h2>\n<p style=\"margin-left: 40px; line-height: 1.3;\"><span style=\"font-family: georgia, palatino, serif; font-size: 12pt;\"><strong>Mestrando:<\/strong> Vinicio da Silva Martins Junior<\/span><br \/>\n<span style=\"font-family: georgia, palatino, serif; font-size: 12pt;\"><strong>T\u00edtulo da disserta\u00e7\u00e3o:<\/strong> Efeitos da regenera\u00e7\u00e3o natural de \u00e1reas mineradas sobre assembleias de borboletas frug\u00edvoras<\/span><br \/>\n<span style=\"font-family: georgia, palatino, serif; font-size: 12pt;\"><strong>Orientador:<\/strong> Dr. Cristiano Agra Iserhard<\/span><br \/>\n<span style=\"font-family: georgia, palatino, serif; font-size: 12pt;\"><strong>Hor\u00e1rio:<\/strong> 14h<\/span><br \/>\n<span style=\"font-family: georgia, palatino, serif; font-size: 12pt;\"><strong>Local:<\/strong> sala 08, Departamento de Ecologia, Zoologia e Gen\u00e9tica (pr\u00e9dio 23)<\/span><\/p>\n<h2 style=\"font-size: 15pt;\"><strong>Dia 27 de mar\u00e7o:<\/strong><\/h2>\n<p style=\"margin-left: 40px; line-height: 1.3;\"><span style=\"font-family: georgia, palatino, serif; font-size: 12pt;\"><strong>Mestrando:<\/strong> Yago Corr\u00eaa de Magalh\u00e3es de Freitas<\/span><br \/>\n<span style=\"font-family: georgia, palatino, serif; font-size: 12pt;\"><strong>T\u00edtulo da disserta\u00e7\u00e3o:<\/strong> Varia\u00e7\u00e3o da diversidade funcional e taxon\u00f4mica de borboletas ao longo<br \/>\ndo tempo em uma regi\u00e3o de Mata de Restinga no sul do Brasil.<\/span><br \/>\n<span style=\"font-family: georgia, palatino, serif; font-size: 12pt;\"><strong>Orientador:<\/strong> Dr. Cristiano Agra Iserhard<\/span><br \/>\n<span style=\"font-family: georgia, palatino, serif; font-size: 12pt;\"><strong>Coorientador:<\/strong> Dr. Jeferson Vizentin-Bugoni<\/span><br \/>\n<span style=\"font-family: georgia, palatino, serif; font-size: 12pt;\"><strong>Hor\u00e1rio:<\/strong> 09h<\/span><br \/>\n<span style=\"font-family: georgia, palatino, serif; font-size: 12pt;\"><strong>Local:<\/strong> sala 08, Departamento de Ecologia, Zoologia e Gen\u00e9tica (pr\u00e9dio 23)<\/span><\/p>\n<p style=\"margin-left: 40px; line-height: 1.3;\"><span style=\"font-family: georgia, palatino, serif; font-size: 12pt;\"><strong>Mestrando:<\/strong> Miguel Kurz dos Santos<\/span><br \/>\n<span style=\"font-family: georgia, palatino, serif; font-size: 12pt;\"><strong>T\u00edtulo da disserta\u00e7\u00e3o: <\/strong> Diversidade taxon\u00f4mica e funcional de abelhas em agroecossistemas de agricultura familiar: uma compara\u00e7\u00e3o entre sistemas org\u00e2nicos e convencionais no Rio Grande do Sul<\/span><br \/>\n<span style=\"font-family: georgia, palatino, serif; font-size: 12pt;\"><strong>Orientador:<\/strong> Dr. Cristiano Agra Iserhard<\/span><br \/>\n<span style=\"font-family: georgia, palatino, serif; font-size: 12pt;\"><strong>Hor\u00e1rio:<\/strong> 14h<\/span><br \/>\n<span style=\"font-family: georgia, palatino, serif; font-size: 12pt;\"><strong>Local:<\/strong> sala 08, Departamento de Ecologia, Zoologia e Gen\u00e9tica (pr\u00e9dio 23)<\/span><\/p>\n<h2 style=\"font-size: 15pt;\"><strong>Dia 30 de mar\u00e7o:<\/strong><\/h2>\n<p style=\"margin-left: 40px; line-height: 1.3;\"><span style=\"font-family: georgia, palatino, serif; font-size: 12pt;\"><strong>Mestrando:<\/strong> Vitor Rodrigues da Silva<\/span><br \/>\n<span style=\"font-family: georgia, palatino, serif; font-size: 12pt;\"><strong>T\u00edtulo da disserta\u00e7\u00e3o:<\/strong> Assimetria flutuante como bioindicador de estresse ambiental em girinos <em>Leptodactylus luctator<\/em> (Hudson, 1892) (Anura: Leptodactylidae) em agrossistemas<\/span><br \/>\n<span style=\"font-family: georgia, palatino, serif; font-size: 12pt;\"><strong>Orientador:<\/strong> Dr. Daniel Loebmann<\/span><br \/>\n<span style=\"font-family: georgia, palatino, serif; font-size: 12pt;\"><strong>Coorientadora:<\/strong> Dra. S\u00f4nia Huckembeck<\/span><br \/>\n<span style=\"font-family: georgia, palatino, serif; font-size: 12pt;\"><strong>Hor\u00e1rio:<\/strong> 08h30<\/span><br \/>\n<span style=\"font-family: georgia, palatino, serif; font-size: 12pt;\"><strong>Local:<\/strong> sala 05b, Departamento de Bot\u00e2nica (pr\u00e9dio 21)<\/span><\/p>\n<p style=\"margin-left: 40px; line-height: 1.3;\"><span style=\"font-family: georgia, palatino, serif; font-size: 12pt;\"><strong>Mestranda:<\/strong> Nat\u00e1lia Amoza de Aguiar<\/span><br \/>\n<span style=\"font-family: georgia, palatino, serif; font-size: 12pt;\"><strong>T\u00edtulo da disserta\u00e7\u00e3o:<\/strong> Explorando a din\u00e2mica da visita\u00e7\u00e3o floral e poliniza\u00e7\u00e3o mediada por formigas nos Campos Sulinos do Brasil<\/span><br \/>\n<span style=\"font-family: georgia, palatino, serif; font-size: 12pt;\"><strong>Orientador:<\/strong> Dr. Sebastian Felipe Sendoya Echeverry<\/span><br \/>\n<span style=\"font-family: georgia, palatino, serif; font-size: 12pt;\"><strong>Hor\u00e1rio:<\/strong> 09h<\/span><br \/>\n<span style=\"font-family: georgia, palatino, serif; font-size: 12pt;\"><strong>Local:<\/strong> sala 08, Departamento de Ecologia, Zoologia e Gen\u00e9tica (pr\u00e9dio 23)<\/span><\/p>\n<p style=\"margin-left: 40px; line-height: 1.3;\"><span style=\"font-family: georgia, palatino, serif; font-size: 12pt;\"><strong>Mestranda:<\/strong> J\u00falia Duro Braga<\/span><br \/>\n<span style=\"font-family: georgia, palatino, serif; font-size: 12pt;\"><strong>T\u00edtulo da disserta\u00e7\u00e3o:<\/strong> Influ\u00eancia de fatores abi\u00f3ticos e caracter\u00edsticas das plantas na defesa mediada por formigas em plantas com nect\u00e1rios extraflorais<\/span><br \/>\n<span style=\"font-family: georgia, palatino, serif; font-size: 12pt;\"><strong>Orientador:<\/strong> Dr. Sebastian Felipe Sendoya Echeverry<\/span><br \/>\n<span style=\"font-family: georgia, palatino, serif; font-size: 12pt;\"><strong>Coorientadora:<\/strong> Dra. Mayra Cadorin Vidal<\/span><br \/>\n<span style=\"font-family: georgia, palatino, serif; font-size: 12pt;\"><strong>Hor\u00e1rio:<\/strong> 14h<\/span><br \/>\n<span style=\"font-family: georgia, palatino, serif; font-size: 12pt;\"><strong>Local:<\/strong> sala 08, Departamento de Ecologia, Zoologia e Gen\u00e9tica (pr\u00e9dio 23)<\/span><\/p>\n","protected":false},"excerpt":{"rendered":"<p>As defesas do PPGBDiv acontecem de 23 \u00e0 30 de mar\u00e7o. Clique aqui para saber mais. <\/p>\n","protected":false},"author":1215,"featured_media":0,"comment_status":"closed","ping_status":"closed","sticky":false,"template":"","format":"standard","meta":{"footnotes":""},"categories":[1],"tags":[],"class_list":["post-1058","post","type-post","status-publish","format-standard","hentry","category-noticias"],"jetpack_featured_media_url":"","_links":{"self":[{"href":"https:\/\/wp.ufpel.edu.br\/ppgbdiv\/wp-json\/wp\/v2\/posts\/1058","targetHints":{"allow":["GET"]}}],"collection":[{"href":"https:\/\/wp.ufpel.edu.br\/ppgbdiv\/wp-json\/wp\/v2\/posts"}],"about":[{"href":"https:\/\/wp.ufpel.edu.br\/ppgbdiv\/wp-json\/wp\/v2\/types\/post"}],"author":[{"embeddable":true,"href":"https:\/\/wp.ufpel.edu.br\/ppgbdiv\/wp-json\/wp\/v2\/users\/1215"}],"replies":[{"embeddable":true,"href":"https:\/\/wp.ufpel.edu.br\/ppgbdiv\/wp-json\/wp\/v2\/comments?post=1058"}],"version-history":[{"count":4,"href":"https:\/\/wp.ufpel.edu.br\/ppgbdiv\/wp-json\/wp\/v2\/posts\/1058\/revisions"}],"predecessor-version":[{"id":1105,"href":"https:\/\/wp.ufpel.edu.br\/ppgbdiv\/wp-json\/wp\/v2\/posts\/1058\/revisions\/1105"}],"wp:attachment":[{"href":"https:\/\/wp.ufpel.edu.br\/ppgbdiv\/wp-json\/wp\/v2\/media?parent=1058"}],"wp:term":[{"taxonomy":"category","embeddable":true,"href":"https:\/\/wp.ufpel.edu.br\/ppgbdiv\/wp-json\/wp\/v2\/categories?post=1058"},{"taxonomy":"post_tag","embeddable":true,"href":"https:\/\/wp.ufpel.edu.br\/ppgbdiv\/wp-json\/wp\/v2\/tags?post=1058"}],"curies":[{"name":"wp","href":"https:\/\/api.w.org\/{rel}","templated":true}]}}