{"id":307,"date":"2014-02-21T16:25:22","date_gmt":"2014-02-21T19:25:22","guid":{"rendered":"https:\/\/wp.ufpel.edu.br\/ppgbbio\/?p=307"},"modified":"2014-02-26T09:18:56","modified_gmt":"2014-02-26T12:18:56","slug":"ppgbbio-convida-a-todos-para-a-defesas-de-dissertacao-que-ocorrerao-na-proxima-semana-abaixo-a-programacao","status":"publish","type":"post","link":"https:\/\/wp.ufpel.edu.br\/ppgbbio\/2014\/02\/21\/ppgbbio-convida-a-todos-para-a-defesas-de-dissertacao-que-ocorrerao-na-proxima-semana-abaixo-a-programacao\/","title":{"rendered":"PPGBBio convida a todos para a defesas de disserta\u00e7\u00e3o que ocorrer\u00e3o na pr\u00f3xima semana. Abaixo, a programa\u00e7\u00e3o:"},"content":{"rendered":"<p>Discente: Marina Ritter<br \/>\nData: 26\/02\/2014<br \/>\nHora: 09h<br \/>\nLocal: Sala 109 do pr\u00e9dio 31 do Campus Cap\u00e3o do Le\u00e3o.<br \/>\nOrientador: Prof. Dr. Cl\u00e1udio Martin Pereira de Pereira<br \/>\nT\u00edtulo: \u201cChalconas: S\u00edntese em glicerina e propriedades micro biol\u00f3gicas\u201d,<br \/>\nBanca: Prof. Dr. Cl\u00e1udio Martin Pereira de Pereira (presidente), Prof. Dr. Alex Fabiani Claro Flores Jean Pierre Oses \u00a0e Prof\u00aa. Dr\u00aa Elizandra Braganhol (Suplente: Prof. Dr. Wilson Jo\u00e3o Cunico Filho).<\/p>\n<p>&nbsp;<\/p>\n<p>Discente: Fernanda Cardoso Teixeira<br \/>\nData: 26\/02\/2014<br \/>\nHora: 14h<br \/>\nLocal: Sala 109 do pr\u00e9dio 31 do Campus Cap\u00e3o do Le\u00e3o.<br \/>\nOrientador: Prof\u00aa Dr\u00aa. Elizandra Braganhol<br \/>\nT\u00edtulo: \u201cInvestiga\u00e7\u00e3o da ecto-5 nucleotidase como alvo terap\u00eautico em gliomas\u201d.<br \/>\nBanca: Prof\u00aa Dr\u00aa. Elizandra Braganhol (presidente), Prof\u00aa. Dr\u00aa. Rejane \u00a0Tavares e Prof\u00aa. Dr\u00aa Francieli Moro Stefanello (Suplente: Prof\u00aa. Dr\u00aa. Giovana Duzzo Gamaro).<\/p>\n<p>&nbsp;<\/p>\n<p>Discente: Cristina Hallal de Freitas<br \/>\nData: 27\/02\/2014<br \/>\nHora: 09h<br \/>\nLocal: Sala 109 do pr\u00e9dio 31 do Campus Cap\u00e3o do Le\u00e3o.<br \/>\nOrientador: Prof\u00aa. Dr\u00aa. Patr\u00edcia da Silva Nascente<br \/>\nT\u00edtulo: \u201cIdentifica\u00e7\u00e3o e perfil de suscetibilidade a antibi\u00f3ticos de agentes causadores de mastite bovina e determina\u00e7\u00e3o da atividade antimicrobiana e citot\u00f3xica de \u00f3leos essenciais frente a esses micro-organismo\u201d.<br \/>\nBanca: Prof\u00aa. Dr\u00aa. Patr\u00edcia da Silva Nascente (presidente), Prof\u00aa. Dr\u00aa. Daniela Isabela Brayer Pereira \u00a0e Prof\u00aa. Dr\u00aa. Marlete Brum Cleff (Suplente: Prof. Dr. Rafael Guerra Lund).<\/p>\n<p>Discente: Roberta Foerstnow Szczepaniak<br \/>\nData: 27\/02\/2014<br \/>\nHora: 13:30h<br \/>\nLocal: Sala 109 do pr\u00e9dio 31 do Campus Cap\u00e3o do Le\u00e3o.<br \/>\nOrientador: Prof\u00aa Dr\u00aa. Giovana Duzzo Gamaro<br \/>\nT\u00edtulo: \u201cBiomonitoramento e avalia\u00e7\u00e3o da atividade antioxidante e n\u00edveis de acetilcolinaesterase no SNC de animais expostos \u00e0 polui\u00e7\u00e3o atmosf\u00e9rica da cidade de Pelotas &#8211; RS\u201d.<br \/>\nBanca: Prof\u00aa Dr\u00aa. Giovana Duzzo Gamaro (presidente), Prof\u00aa. Dr\u00aa. Rachel Krolow Santos Silva Bast e Prof\u00aa. Dr\u00aa. M\u00e1rcia Foster Mesko (Suplente: Prof. Dr. Elizandra Braganhol).<\/p>\n<p>&nbsp;<\/p>\n<p>Discente: Priscila Oliveira de Souza<br \/>\nData: 28\/02\/2014<br \/>\nHora: 14h<br \/>\nLocal: Sala 109 do pr\u00e9dio 31 do Campus Cap\u00e3o do Le\u00e3o.<br \/>\nOrientador: Prof. Dr. Claudio Martin Pereira de Pereira<br \/>\nT\u00edtulo: \u201cMacroalgas da Ant\u00e1rtica: Propriedades qu\u00edmicas e Avalia\u00e7\u00e3o biol\u00f3gica\u201d.<br \/>\nBanca: Prof. Dr. Cl\u00e1udio Martin Pereira de Pereira (presidente), Prof. Dr. Pio Colepicolo Neto e \u00a0Prof. Dr. Tiago Veiras Collares (Suplente: Prof\u00aa. Dr\u00aa. Roselia Maria Spanevello).<\/p>\n","protected":false},"excerpt":{"rendered":"<p>Discente: Marina Ritter Data: 26\/02\/2014 Hora: 09h Local: Sala 109 do pr\u00e9dio 31 do Campus Cap\u00e3o do Le\u00e3o. Orientador: Prof. Dr. Cl\u00e1udio Martin Pereira de Pereira T\u00edtulo: \u201cChalconas: S\u00edntese em glicerina e propriedades micro biol\u00f3gicas\u201d, Banca: Prof. Dr. Cl\u00e1udio Martin Pereira de Pereira (presidente), Prof. Dr. Alex Fabiani Claro Flores Jean Pierre Oses \u00a0e Prof\u00aa. [&hellip;]<\/p>\n","protected":false},"author":131,"featured_media":0,"comment_status":"closed","ping_status":"open","sticky":false,"template":"","format":"standard","meta":{"footnotes":""},"categories":[18],"tags":[],"class_list":["post-307","post","type-post","status-publish","format-standard","hentry","category-sem-categoria"],"jetpack_featured_media_url":"","_links":{"self":[{"href":"https:\/\/wp.ufpel.edu.br\/ppgbbio\/wp-json\/wp\/v2\/posts\/307","targetHints":{"allow":["GET"]}}],"collection":[{"href":"https:\/\/wp.ufpel.edu.br\/ppgbbio\/wp-json\/wp\/v2\/posts"}],"about":[{"href":"https:\/\/wp.ufpel.edu.br\/ppgbbio\/wp-json\/wp\/v2\/types\/post"}],"author":[{"embeddable":true,"href":"https:\/\/wp.ufpel.edu.br\/ppgbbio\/wp-json\/wp\/v2\/users\/131"}],"replies":[{"embeddable":true,"href":"https:\/\/wp.ufpel.edu.br\/ppgbbio\/wp-json\/wp\/v2\/comments?post=307"}],"version-history":[{"count":6,"href":"https:\/\/wp.ufpel.edu.br\/ppgbbio\/wp-json\/wp\/v2\/posts\/307\/revisions"}],"predecessor-version":[{"id":313,"href":"https:\/\/wp.ufpel.edu.br\/ppgbbio\/wp-json\/wp\/v2\/posts\/307\/revisions\/313"}],"wp:attachment":[{"href":"https:\/\/wp.ufpel.edu.br\/ppgbbio\/wp-json\/wp\/v2\/media?parent=307"}],"wp:term":[{"taxonomy":"category","embeddable":true,"href":"https:\/\/wp.ufpel.edu.br\/ppgbbio\/wp-json\/wp\/v2\/categories?post=307"},{"taxonomy":"post_tag","embeddable":true,"href":"https:\/\/wp.ufpel.edu.br\/ppgbbio\/wp-json\/wp\/v2\/tags?post=307"}],"curies":[{"name":"wp","href":"https:\/\/api.w.org\/{rel}","templated":true}]}}