{"id":72,"date":"2013-09-19T11:59:39","date_gmt":"2013-09-19T14:59:39","guid":{"rendered":"https:\/\/wp.ufpel.edu.br\/mestradoartesvisuais\/?p=72"},"modified":"2013-09-19T11:59:39","modified_gmt":"2013-09-19T14:59:39","slug":"formulario-de-inscricao-aluno-especial-processo-seletivo-2013-2","status":"publish","type":"post","link":"https:\/\/wp.ufpel.edu.br\/ppgartes\/2013\/09\/19\/formulario-de-inscricao-aluno-especial-processo-seletivo-2013-2\/","title":{"rendered":"FORMUL\u00c1RIO DE INSCRI\u00c7\u00c3O ALUNO ESPECIAL \u2013 Processo Seletivo 2013-2"},"content":{"rendered":"<p><a href=\"https:\/\/wp.ufpel.edu.br\/ppgartes\/files\/2013\/09\/FORMULARIO-DE-INSCRICAO-ALUNO-ESPECIAL-\u2013-Processo-Seletivo-2013-2.doc\">FORMUL\u00c1RIO DE INSCRI\u00c7\u00c3O ALUNO ESPECIAL \u2013 Processo Seletivo 2013-2<\/a><\/p>\n<p>&nbsp;<\/p>\n","protected":false},"excerpt":{"rendered":"<p>FORMUL\u00c1RIO DE INSCRI\u00c7\u00c3O ALUNO ESPECIAL \u2013 Processo Seletivo 2013-2 &nbsp;<\/p>\n","protected":false},"author":1258,"featured_media":0,"comment_status":"closed","ping_status":"closed","sticky":false,"template":"","format":"standard","meta":{"footnotes":""},"categories":[3],"tags":[],"class_list":["post-72","post","type-post","status-publish","format-standard","hentry","category-sem-categoria"],"jetpack_featured_media_url":"","_links":{"self":[{"href":"https:\/\/wp.ufpel.edu.br\/ppgartes\/wp-json\/wp\/v2\/posts\/72","targetHints":{"allow":["GET"]}}],"collection":[{"href":"https:\/\/wp.ufpel.edu.br\/ppgartes\/wp-json\/wp\/v2\/posts"}],"about":[{"href":"https:\/\/wp.ufpel.edu.br\/ppgartes\/wp-json\/wp\/v2\/types\/post"}],"author":[{"embeddable":true,"href":"https:\/\/wp.ufpel.edu.br\/ppgartes\/wp-json\/wp\/v2\/users\/1258"}],"replies":[{"embeddable":true,"href":"https:\/\/wp.ufpel.edu.br\/ppgartes\/wp-json\/wp\/v2\/comments?post=72"}],"version-history":[{"count":0,"href":"https:\/\/wp.ufpel.edu.br\/ppgartes\/wp-json\/wp\/v2\/posts\/72\/revisions"}],"wp:attachment":[{"href":"https:\/\/wp.ufpel.edu.br\/ppgartes\/wp-json\/wp\/v2\/media?parent=72"}],"wp:term":[{"taxonomy":"category","embeddable":true,"href":"https:\/\/wp.ufpel.edu.br\/ppgartes\/wp-json\/wp\/v2\/categories?post=72"},{"taxonomy":"post_tag","embeddable":true,"href":"https:\/\/wp.ufpel.edu.br\/ppgartes\/wp-json\/wp\/v2\/tags?post=72"}],"curies":[{"name":"wp","href":"https:\/\/api.w.org\/{rel}","templated":true}]}}