{"id":2734,"date":"2026-04-21T15:45:23","date_gmt":"2026-04-21T18:45:23","guid":{"rendered":"https:\/\/wp.ufpel.edu.br\/ppga\/?p=2734"},"modified":"2026-04-21T15:45:23","modified_gmt":"2026-04-21T18:45:23","slug":"palestra-inovacao-como-meio-de-transformacao-social-com-vinicius-farias-campos","status":"publish","type":"post","link":"https:\/\/wp.ufpel.edu.br\/ppga\/?p=2734","title":{"rendered":"Palestra: Inova\u00e7\u00e3o Como Meio De Transforma\u00e7\u00e3o Social, com Vinicius Farias Campos."},"content":{"rendered":"<ul>\n<li>Vinicius \u00e9 professor da UFPel na \u00e1rea de Biotecnologia. \u00c9 fundador do Laborat\u00f3rio Gen\u00f4mica Estrutural e atua nas linhas de gen\u00f4mica e biotecnologia animal. Atualmente \u00e9 Superintendente de Inova\u00e7\u00e3o e Desenvolvimento Interinstitucional da UFPel. \u00c9 Presidente do Pelotas Parque Tecnol\u00f3gico e Presidente da Rede SulBiotec. \u00c9 diretor t\u00e9cnico do FORTEC e Membro Afiliado da Academia Brasileira de Ci\u00eancias (ABC).<\/li>\n<\/ul>\n<p><a href=\"https:\/\/wp.ufpel.edu.br\/ppga\/files\/2026\/04\/Palestra-Vinicius.png\"><img class=\"size-medium wp-image-2735 alignleft\"  src=\"data:image\/svg+xml,%3Csvg xmlns=\"http:\/\/www.w3.org\/2000\/svg\" viewBox=\"0 0 1 1\"%3E%3C\/svg%3E\" data-src=\"https:\/\/wp.ufpel.edu.br\/ppga\/files\/2026\/04\/Palestra-Vinicius-320x400.png\" class=\"lazy-load\" loading=\"lazy\" decoding=\"async\" alt=\"\" width=\"320\" height=\"400\" \/><\/a>Convidamos toda a comunidade acad\u00eamica a prestigiar sua palestra e aproveitar esse momento de troca de conhecimento e inova\u00e7\u00e3o.<\/p>\n<p><span style=\"background-color: #000080;\"><span style=\"background-color: #ccffcc;\">Dia 23 de abri<\/span>l<\/span><\/p>\n<p><span style=\"background-color: #ccffcc;\">10h <\/span><\/p>\n<p><span style=\"background-color: #ccffcc;\">Sala 202, Lab Agro<\/span><\/p>\n<p>Increva-se pelo link: <span style=\"background-color: #ffff99;\"><a style=\"background-color: #ffff99;\" href=\"https:\/\/docs.google.com\/forms\/d\/e\/1FAIpQLSfKr6pmwYw5K8r-plvkb0TJcylR_MWRxGSplnQsTL698Yfzng\/viewform?usp=header\">Inscri\u00e7\u00f5es<\/a><\/span><\/p>\n","protected":false},"excerpt":{"rendered":"<p>Vinicius \u00e9 professor da UFPel na \u00e1rea de Biotecnologia. \u00c9 fundador do Laborat\u00f3rio Gen\u00f4mica Estrutural e atua nas linhas de gen\u00f4mica e biotecnologia animal. Atualmente \u00e9 Superintendente de Inova\u00e7\u00e3o e Desenvolvimento Interinstitucional da UFPel. \u00c9 Presidente do Pelotas Parque Tecnol\u00f3gico e Presidente da Rede SulBiotec. \u00c9 diretor t\u00e9cnico do FORTEC e Membro Afiliado da Academia [&hellip;]<\/p>\n","protected":false},"author":255,"featured_media":0,"comment_status":"closed","ping_status":"closed","sticky":false,"template":"","format":"standard","meta":{"jetpack_post_was_ever_published":false,"_jetpack_newsletter_access":"","_jetpack_dont_email_post_to_subs":false,"_jetpack_newsletter_tier_id":0,"_jetpack_memberships_contains_paywalled_content":false,"_jetpack_memberships_contains_paid_content":false,"footnotes":"","jetpack_publicize_message":"","jetpack_publicize_feature_enabled":true,"jetpack_social_post_already_shared":true,"jetpack_social_options":{"image_generator_settings":{"template":"highway","default_image_id":0,"font":"","enabled":false},"version":2}},"categories":[18],"tags":[],"class_list":["post-2734","post","type-post","status-publish","format-standard","hentry","category-sem-categoria"],"jetpack_publicize_connections":[],"jetpack_featured_media_url":"","jetpack_sharing_enabled":true,"jetpack_shortlink":"https:\/\/wp.me\/p6SliF-I6","_links":{"self":[{"href":"https:\/\/wp.ufpel.edu.br\/ppga\/index.php?rest_route=\/wp\/v2\/posts\/2734","targetHints":{"allow":["GET"]}}],"collection":[{"href":"https:\/\/wp.ufpel.edu.br\/ppga\/index.php?rest_route=\/wp\/v2\/posts"}],"about":[{"href":"https:\/\/wp.ufpel.edu.br\/ppga\/index.php?rest_route=\/wp\/v2\/types\/post"}],"author":[{"embeddable":true,"href":"https:\/\/wp.ufpel.edu.br\/ppga\/index.php?rest_route=\/wp\/v2\/users\/255"}],"replies":[{"embeddable":true,"href":"https:\/\/wp.ufpel.edu.br\/ppga\/index.php?rest_route=%2Fwp%2Fv2%2Fcomments&post=2734"}],"version-history":[{"count":3,"href":"https:\/\/wp.ufpel.edu.br\/ppga\/index.php?rest_route=\/wp\/v2\/posts\/2734\/revisions"}],"predecessor-version":[{"id":2738,"href":"https:\/\/wp.ufpel.edu.br\/ppga\/index.php?rest_route=\/wp\/v2\/posts\/2734\/revisions\/2738"}],"wp:attachment":[{"href":"https:\/\/wp.ufpel.edu.br\/ppga\/index.php?rest_route=%2Fwp%2Fv2%2Fmedia&parent=2734"}],"wp:term":[{"taxonomy":"category","embeddable":true,"href":"https:\/\/wp.ufpel.edu.br\/ppga\/index.php?rest_route=%2Fwp%2Fv2%2Fcategories&post=2734"},{"taxonomy":"post_tag","embeddable":true,"href":"https:\/\/wp.ufpel.edu.br\/ppga\/index.php?rest_route=%2Fwp%2Fv2%2Ftags&post=2734"}],"curies":[{"name":"wp","href":"https:\/\/api.w.org\/{rel}","templated":true}]}}