{"id":2726,"date":"2026-04-20T10:47:23","date_gmt":"2026-04-20T13:47:23","guid":{"rendered":"https:\/\/wp.ufpel.edu.br\/ppga\/?p=2726"},"modified":"2026-04-20T10:47:23","modified_gmt":"2026-04-20T13:47:23","slug":"14a-abertura-da-colheita-da-oliva-no-rio-grande-do-sul-destaca-inovacao-pesquisa-e-fortalecimento-da-olivicultura-gaucha","status":"publish","type":"post","link":"https:\/\/wp.ufpel.edu.br\/ppga\/?p=2726","title":{"rendered":"14\u00aa Abertura da Colheita da Oliva no Rio Grande do Sul destaca inova\u00e7\u00e3o, pesquisa e fortalecimento da olivicultura ga\u00facha."},"content":{"rendered":"<p>Na \u00faltima sexta-feira, 17 de abril de 2026, ocorreu a 14\u00aa Abertura Oficial da Colheita da Oliva do Rio Grande do Sul, realizada no Olival Azeites Milonga, no munic\u00edpio de Triunfo. O evento consolidou-se como um dos principais encontros da olivicultura brasileira, reunindo produtores, pesquisadores, institui\u00e7\u00f5es e representantes do setor p\u00fablico e privado, com foco no fortalecimento da cadeia produtiva do azeite no estado. A programa\u00e7\u00e3o contou com uma feira de agroneg\u00f3cio, na qual foram apresentadas inova\u00e7\u00f5es tecnol\u00f3gicas, equipamentos e solu\u00e7\u00f5es voltadas ao cultivo da oliveira e \u00e0 produ\u00e7\u00e3o de azeites de alta qualidade. Paralelamente, projetos de pesquisa e iniciativas voltadas ao desenvolvimento da olivicultura ganharam destaque.<\/p>\n<p><a href=\"https:\/\/wp.ufpel.edu.br\/ppga\/files\/2026\/04\/Design-sem-nome-5.png\"><img class=\"size-medium wp-image-2730 aligncenter\"  src=\"data:image\/svg+xml,%3Csvg xmlns=\"http:\/\/www.w3.org\/2000\/svg\" viewBox=\"0 0 1 1\"%3E%3C\/svg%3E\" data-src=\"https:\/\/wp.ufpel.edu.br\/ppga\/files\/2026\/04\/Design-sem-nome-5-320x400.png\" class=\"lazy-load\" loading=\"lazy\" decoding=\"async\" alt=\"\" width=\"320\" height=\"400\" \/><\/a><\/p>\n<p>A <span class=\"hover:entity-accent entity-underline inline cursor-pointer align-baseline\"><span class=\"whitespace-normal\">Universidade Federal de Pelotas<\/span><\/span> esteve representada por meio de seu Departamento de Fruticultura, que apresentou trabalhos e pesquisas voltados \u00e0 cultura da oliveira, incluindo estudos sobre manejo, melhoramento e qualidade de azeites. A presen\u00e7a da universidade evidenciou a relev\u00e2ncia da pesquisa cient\u00edfica no aprimoramento da produ\u00e7\u00e3o e na consolida\u00e7\u00e3o do Rio Grande do Sul como principal polo oliv\u00edcola do pa\u00eds.<\/p>\n<p><a href=\"https:\/\/wp.ufpel.edu.br\/ppga\/files\/2026\/04\/Design-sem-nome.png\"><img decoding=\"async\" class=\"alignnone size-medium wp-image-2727\" src=\"https:\/\/wp.ufpel.edu.br\/ppga\/files\/2026\/04\/Design-sem-nome-320x400.png\" alt=\"\" width=\"320\" height=\"400\" \/ loading=\"lazy\" srcset=\"https:\/\/wp.ufpel.edu.br\/ppga\/files\/2026\/04\/Design-sem-nome-320x400.png 320w, https:\/\/wp.ufpel.edu.br\/ppga\/files\/2026\/04\/Design-sem-nome-819x1024.png 819w, https:\/\/wp.ufpel.edu.br\/ppga\/files\/2026\/04\/Design-sem-nome-768x960.png 768w, https:\/\/wp.ufpel.edu.br\/ppga\/files\/2026\/04\/Design-sem-nome.png 1080w\" sizes=\"auto, (max-width: 320px) 100vw, 320px\" \/><\/a><a href=\"https:\/\/wp.ufpel.edu.br\/ppga\/files\/2026\/04\/Design-sem-nome-2.png\"><img decoding=\"async\" class=\"size-medium wp-image-2728 alignright\" src=\"https:\/\/wp.ufpel.edu.br\/ppga\/files\/2026\/04\/Design-sem-nome-2-320x400.png\" alt=\"\" width=\"320\" height=\"400\" \/ loading=\"lazy\" srcset=\"https:\/\/wp.ufpel.edu.br\/ppga\/files\/2026\/04\/Design-sem-nome-2-320x400.png 320w, https:\/\/wp.ufpel.edu.br\/ppga\/files\/2026\/04\/Design-sem-nome-2-819x1024.png 819w, https:\/\/wp.ufpel.edu.br\/ppga\/files\/2026\/04\/Design-sem-nome-2-768x960.png 768w, https:\/\/wp.ufpel.edu.br\/ppga\/files\/2026\/04\/Design-sem-nome-2.png 1080w\" sizes=\"auto, (max-width: 320px) 100vw, 320px\" \/><\/a><\/p>\n<p data-start=\"1627\" data-end=\"2055\">Durante a solenidade oficial, a reitora <span class=\"hover:entity-accent entity-underline inline cursor-pointer align-baseline\"><span class=\"whitespace-normal\">Ursula Rosa da Silva<\/span><\/span> participou de um dos momentos mais simb\u00f3licos do evento: a assinatura de um documento estrat\u00e9gico voltado ao desenvolvimento da olivicultura no estado. O ato contou com a presen\u00e7a do governador <span class=\"hover:entity-accent entity-underline inline cursor-pointer align-baseline\"><span class=\"whitespace-normal\">Eduardo Leite<\/span><\/span>, que formalizou o compromisso institucional com pol\u00edticas p\u00fablicas, incentivos ao setor e apoio \u00e0 pesquisa e inova\u00e7\u00e3o.<a href=\"https:\/\/wp.ufpel.edu.br\/ppga\/files\/2026\/04\/Design-sem-nome-1.png\"><img decoding=\"async\" class=\"alignnone size-medium wp-image-2729\" src=\"https:\/\/wp.ufpel.edu.br\/ppga\/files\/2026\/04\/Design-sem-nome-1-320x400.png\" alt=\"\" width=\"320\" height=\"400\" \/ loading=\"lazy\" srcset=\"https:\/\/wp.ufpel.edu.br\/ppga\/files\/2026\/04\/Design-sem-nome-1-320x400.png 320w, https:\/\/wp.ufpel.edu.br\/ppga\/files\/2026\/04\/Design-sem-nome-1-819x1024.png 819w, https:\/\/wp.ufpel.edu.br\/ppga\/files\/2026\/04\/Design-sem-nome-1-768x960.png 768w, https:\/\/wp.ufpel.edu.br\/ppga\/files\/2026\/04\/Design-sem-nome-1.png 1080w\" sizes=\"auto, (max-width: 320px) 100vw, 320px\" \/><\/a> <a href=\"https:\/\/wp.ufpel.edu.br\/ppga\/files\/2026\/04\/WhatsApp-Image-2026-04-19-at-18.41.07.jpeg\"><img decoding=\"async\" class=\"size-medium wp-image-2731 alignright\" src=\"https:\/\/wp.ufpel.edu.br\/ppga\/files\/2026\/04\/WhatsApp-Image-2026-04-19-at-18.41.07-300x400.jpeg\" alt=\"\" width=\"300\" height=\"400\" \/ loading=\"lazy\" srcset=\"https:\/\/wp.ufpel.edu.br\/ppga\/files\/2026\/04\/WhatsApp-Image-2026-04-19-at-18.41.07-300x400.jpeg 300w, https:\/\/wp.ufpel.edu.br\/ppga\/files\/2026\/04\/WhatsApp-Image-2026-04-19-at-18.41.07-768x1024.jpeg 768w, https:\/\/wp.ufpel.edu.br\/ppga\/files\/2026\/04\/WhatsApp-Image-2026-04-19-at-18.41.07-1152x1536.jpeg 1152w, https:\/\/wp.ufpel.edu.br\/ppga\/files\/2026\/04\/WhatsApp-Image-2026-04-19-at-18.41.07.jpeg 1200w\" sizes=\"auto, (max-width: 300px) 100vw, 300px\" \/><\/a><\/p>\n<p data-start=\"0\" data-end=\"452\">A assinatura do documento configura-se como a formaliza\u00e7\u00e3o de um protocolo de inten\u00e7\u00f5es voltado ao fortalecimento estruturado da olivicultura no Rio Grande do Sul. O acordo estabelece diretrizes para a amplia\u00e7\u00e3o de pol\u00edticas p\u00fablicas espec\u00edficas ao setor, incluindo incentivo \u00e0 pesquisa aplicada, apoio \u00e0 assist\u00eancia t\u00e9cnica aos produtores, est\u00edmulo \u00e0 qualifica\u00e7\u00e3o da cadeia produtiva e promo\u00e7\u00e3o do azeite ga\u00facho em mercados nacionais e internacionais.<\/p>\n<p data-start=\"454\" data-end=\"864\">Al\u00e9m disso, o documento prev\u00ea a integra\u00e7\u00e3o entre institui\u00e7\u00f5es de ensino e pesquisa, como a <span class=\"hover:entity-accent entity-underline inline cursor-pointer align-baseline\"><span class=\"whitespace-normal\">Universidade Federal de Pelotas<\/span><\/span>, entidades representativas do setor e o governo estadual, criando um ambiente mais favor\u00e1vel \u00e0 inova\u00e7\u00e3o e \u00e0 transfer\u00eancia de tecnologia. A iniciativa tamb\u00e9m contempla a\u00e7\u00f5es voltadas \u00e0 rastreabilidade, certifica\u00e7\u00e3o de qualidade e valoriza\u00e7\u00e3o da origem do azeite produzido no estado.<\/p>\n<p data-start=\"866\" data-end=\"1198\" data-is-last-node=\"\" data-is-only-node=\"\">Dessa forma, mais do que um ato simb\u00f3lico, a assinatura representa um compromisso pr\u00e1tico com o desenvolvimento sustent\u00e1vel da atividade, estabelecendo bases concretas para o crescimento organizado da produ\u00e7\u00e3o, o aumento da competitividade e a consolida\u00e7\u00e3o do Rio Grande do Sul como refer\u00eancia nacional em azeites de alta qualidade.<\/p>\n<p>&nbsp;<\/p>\n<p>&nbsp;<\/p>\n<p data-start=\"835\" data-end=\"1199\">\n","protected":false},"excerpt":{"rendered":"<p>Na \u00faltima sexta-feira, 17 de abril de 2026, ocorreu a 14\u00aa Abertura Oficial da Colheita da Oliva do Rio Grande do Sul, realizada no Olival Azeites Milonga, no munic\u00edpio de Triunfo. O evento consolidou-se como um dos principais encontros da olivicultura brasileira, reunindo produtores, pesquisadores, institui\u00e7\u00f5es e representantes do setor p\u00fablico e privado, com foco [&hellip;]<\/p>\n","protected":false},"author":255,"featured_media":0,"comment_status":"closed","ping_status":"closed","sticky":false,"template":"","format":"standard","meta":{"jetpack_post_was_ever_published":false,"_jetpack_newsletter_access":"","_jetpack_dont_email_post_to_subs":false,"_jetpack_newsletter_tier_id":0,"_jetpack_memberships_contains_paywalled_content":false,"_jetpack_memberships_contains_paid_content":false,"footnotes":"","jetpack_publicize_message":"","jetpack_publicize_feature_enabled":true,"jetpack_social_post_already_shared":true,"jetpack_social_options":{"image_generator_settings":{"template":"highway","default_image_id":0,"font":"","enabled":false},"version":2}},"categories":[18],"tags":[],"class_list":["post-2726","post","type-post","status-publish","format-standard","hentry","category-sem-categoria"],"jetpack_publicize_connections":[],"jetpack_featured_media_url":"","jetpack_sharing_enabled":true,"jetpack_shortlink":"https:\/\/wp.me\/p6SliF-HY","_links":{"self":[{"href":"https:\/\/wp.ufpel.edu.br\/ppga\/index.php?rest_route=\/wp\/v2\/posts\/2726","targetHints":{"allow":["GET"]}}],"collection":[{"href":"https:\/\/wp.ufpel.edu.br\/ppga\/index.php?rest_route=\/wp\/v2\/posts"}],"about":[{"href":"https:\/\/wp.ufpel.edu.br\/ppga\/index.php?rest_route=\/wp\/v2\/types\/post"}],"author":[{"embeddable":true,"href":"https:\/\/wp.ufpel.edu.br\/ppga\/index.php?rest_route=\/wp\/v2\/users\/255"}],"replies":[{"embeddable":true,"href":"https:\/\/wp.ufpel.edu.br\/ppga\/index.php?rest_route=%2Fwp%2Fv2%2Fcomments&post=2726"}],"version-history":[{"count":1,"href":"https:\/\/wp.ufpel.edu.br\/ppga\/index.php?rest_route=\/wp\/v2\/posts\/2726\/revisions"}],"predecessor-version":[{"id":2732,"href":"https:\/\/wp.ufpel.edu.br\/ppga\/index.php?rest_route=\/wp\/v2\/posts\/2726\/revisions\/2732"}],"wp:attachment":[{"href":"https:\/\/wp.ufpel.edu.br\/ppga\/index.php?rest_route=%2Fwp%2Fv2%2Fmedia&parent=2726"}],"wp:term":[{"taxonomy":"category","embeddable":true,"href":"https:\/\/wp.ufpel.edu.br\/ppga\/index.php?rest_route=%2Fwp%2Fv2%2Fcategories&post=2726"},{"taxonomy":"post_tag","embeddable":true,"href":"https:\/\/wp.ufpel.edu.br\/ppga\/index.php?rest_route=%2Fwp%2Fv2%2Ftags&post=2726"}],"curies":[{"name":"wp","href":"https:\/\/api.w.org\/{rel}","templated":true}]}}