{"id":2669,"date":"2026-03-07T16:57:09","date_gmt":"2026-03-07T19:57:09","guid":{"rendered":"https:\/\/wp.ufpel.edu.br\/ppga\/?p=2669"},"modified":"2026-03-07T16:57:09","modified_gmt":"2026-03-07T19:57:09","slug":"ufpel-integra-o-instiruto-nacional-de-ciencia-e-tecnologia-inct","status":"publish","type":"post","link":"https:\/\/wp.ufpel.edu.br\/ppga\/?p=2669","title":{"rendered":"UFPel integra o Instiruto Nacional de Ci\u00eancia e Tecnologia ( INCT )"},"content":{"rendered":"<ul>\n<li>A Universidade Federal de Pelotas (UFPel) segue fortalecendo sua atua\u00e7\u00e3o na pesquisa em olivicultura por meio da participa\u00e7\u00e3o no Instituto Nacional de Ci\u00eancia e Tecnologia da Olivicultura e do Azeite Brasileiros (INCT \u2013 OABras). A integra\u00e7\u00e3o da institui\u00e7\u00e3o ao Instituto conta com a atua\u00e7\u00e3o do professor Vagner Brasil Costa, que representa a UFPel nas atividades de pesquisa e desenvolvimento voltadas ao avan\u00e7o cient\u00edfico e tecnol\u00f3gico da cadeia da oliva no Brasil.<a href=\"https:\/\/wp.ufpel.edu.br\/ppga\/files\/2026\/03\/WhatsApp-Image-2026-03-07-at-16.43.51.jpeg\"><img class=\"alignnone size-medium wp-image-2671\"  src=\"data:image\/svg+xml,%3Csvg xmlns=\"http:\/\/www.w3.org\/2000\/svg\" viewBox=\"0 0 1 1\"%3E%3C\/svg%3E\" data-src=\"https:\/\/wp.ufpel.edu.br\/ppga\/files\/2026\/03\/WhatsApp-Image-2026-03-07-at-16.43.51-400x290.jpeg\" class=\"lazy-load\" loading=\"lazy\" decoding=\"async\" alt=\"\" width=\"400\" height=\"290\" \/><\/a><\/li>\n<li>Na UFPel, <span style=\"background-color: #ccffcc;\">o professor Vagner atua junto ao Programa de P\u00f3s-Gradua\u00e7\u00e3o em Agronomia, na \u00e1rea de Fruticultura de Clima Temperado, contribuindo especialmente nas pesquisas relacionadas ao manejo e tratos culturais da oliveira. <\/span>Entre os temas trabalhados est\u00e3o fenologia, adapta\u00e7\u00e3o clim\u00e1tica das cultivares, uso de fitorreguladores de crescimento, defini\u00e7\u00e3o do ponto de colheita, pr\u00e1ticas de poda e o aproveitamento de coprodutos da cadeia produtiva.<\/li>\n<li>A participa\u00e7\u00e3o da UFPel no Instituto refor\u00e7a a import\u00e2ncia da integra\u00e7\u00e3o entre ensino, pesquisa e inova\u00e7\u00e3o, al\u00e9m de consolidar o papel da Universidade na gera\u00e7\u00e3o de conhecimento cient\u00edfico voltado ao desenvolvimento da olivicultura no Brasil.<\/li>\n<\/ul>\n","protected":false},"excerpt":{"rendered":"<p>A Universidade Federal de Pelotas (UFPel) segue fortalecendo sua atua\u00e7\u00e3o na pesquisa em olivicultura por meio da participa\u00e7\u00e3o no Instituto Nacional de Ci\u00eancia e Tecnologia da Olivicultura e do Azeite Brasileiros (INCT \u2013 OABras). A integra\u00e7\u00e3o da institui\u00e7\u00e3o ao Instituto conta com a atua\u00e7\u00e3o do professor Vagner Brasil Costa, que representa a UFPel nas atividades [&hellip;]<\/p>\n","protected":false},"author":255,"featured_media":0,"comment_status":"closed","ping_status":"closed","sticky":false,"template":"","format":"standard","meta":{"jetpack_post_was_ever_published":false,"_jetpack_newsletter_access":"","_jetpack_dont_email_post_to_subs":false,"_jetpack_newsletter_tier_id":0,"_jetpack_memberships_contains_paywalled_content":false,"_jetpack_memberships_contains_paid_content":false,"footnotes":"","jetpack_publicize_message":"","jetpack_publicize_feature_enabled":true,"jetpack_social_post_already_shared":true,"jetpack_social_options":{"image_generator_settings":{"template":"highway","default_image_id":0,"font":"","enabled":false},"version":2}},"categories":[18],"tags":[],"class_list":["post-2669","post","type-post","status-publish","format-standard","hentry","category-sem-categoria"],"jetpack_publicize_connections":[],"jetpack_featured_media_url":"","jetpack_sharing_enabled":true,"jetpack_shortlink":"https:\/\/wp.me\/p6SliF-H3","_links":{"self":[{"href":"https:\/\/wp.ufpel.edu.br\/ppga\/index.php?rest_route=\/wp\/v2\/posts\/2669","targetHints":{"allow":["GET"]}}],"collection":[{"href":"https:\/\/wp.ufpel.edu.br\/ppga\/index.php?rest_route=\/wp\/v2\/posts"}],"about":[{"href":"https:\/\/wp.ufpel.edu.br\/ppga\/index.php?rest_route=\/wp\/v2\/types\/post"}],"author":[{"embeddable":true,"href":"https:\/\/wp.ufpel.edu.br\/ppga\/index.php?rest_route=\/wp\/v2\/users\/255"}],"replies":[{"embeddable":true,"href":"https:\/\/wp.ufpel.edu.br\/ppga\/index.php?rest_route=%2Fwp%2Fv2%2Fcomments&post=2669"}],"version-history":[{"count":1,"href":"https:\/\/wp.ufpel.edu.br\/ppga\/index.php?rest_route=\/wp\/v2\/posts\/2669\/revisions"}],"predecessor-version":[{"id":2672,"href":"https:\/\/wp.ufpel.edu.br\/ppga\/index.php?rest_route=\/wp\/v2\/posts\/2669\/revisions\/2672"}],"wp:attachment":[{"href":"https:\/\/wp.ufpel.edu.br\/ppga\/index.php?rest_route=%2Fwp%2Fv2%2Fmedia&parent=2669"}],"wp:term":[{"taxonomy":"category","embeddable":true,"href":"https:\/\/wp.ufpel.edu.br\/ppga\/index.php?rest_route=%2Fwp%2Fv2%2Fcategories&post=2669"},{"taxonomy":"post_tag","embeddable":true,"href":"https:\/\/wp.ufpel.edu.br\/ppga\/index.php?rest_route=%2Fwp%2Fv2%2Ftags&post=2669"}],"curies":[{"name":"wp","href":"https:\/\/api.w.org\/{rel}","templated":true}]}}