{"id":19,"date":"2015-09-11T22:55:59","date_gmt":"2015-09-12T01:55:59","guid":{"rendered":"https:\/\/wp.ufpel.edu.br\/ppcs\/?p=19"},"modified":"2015-09-11T22:56:09","modified_gmt":"2015-09-12T01:56:09","slug":"participantes-de-la-capacitacion-en-la-sede-del-centro-de-formacion-de-la-cooperacion-espanola-de-montevideo","status":"publish","type":"post","link":"https:\/\/wp.ufpel.edu.br\/ppcs\/2015\/09\/11\/participantes-de-la-capacitacion-en-la-sede-del-centro-de-formacion-de-la-cooperacion-espanola-de-montevideo\/","title":{"rendered":"Participantes de la Capacitaci\u00f3n en la sede del Centro de Formaci\u00f3n de la Cooperaci\u00f3n Espa\u00f1ola de Montevideo"},"content":{"rendered":"<p><a href=\"https:\/\/wp.ufpel.edu.br\/ppcs\/files\/2015\/09\/1563_CFC_patrimonio-cultural-subacu\u00e1tico-e1442022574736.jpg\"><img loading=\"lazy\" decoding=\"async\" class=\"size-medium wp-image-14\" src=\"https:\/\/wp.ufpel.edu.br\/ppcs\/files\/2015\/09\/1563_CFC_patrimonio-cultural-subacu\u00e1tico-e1442022574736-424x283.jpg\" alt=\"Participantes de la Capacitaci\u00f3n en la sede del Centro de Formaci\u00f3n de la Cooperaci\u00f3n Espa\u00f1ola de Montevideo\" width=\"424\" height=\"283\" srcset=\"https:\/\/wp.ufpel.edu.br\/ppcs\/files\/2015\/09\/1563_CFC_patrimonio-cultural-subacu\u00e1tico-e1442022574736-424x283.jpg 424w, https:\/\/wp.ufpel.edu.br\/ppcs\/files\/2015\/09\/1563_CFC_patrimonio-cultural-subacu\u00e1tico-e1442022574736-212x141.jpg 212w, https:\/\/wp.ufpel.edu.br\/ppcs\/files\/2015\/09\/1563_CFC_patrimonio-cultural-subacu\u00e1tico-e1442022574736.jpg 1800w\" sizes=\"auto, (max-width: 424px) 100vw, 424px\" \/><\/a><\/p>\n","protected":false},"excerpt":{"rendered":"","protected":false},"author":556,"featured_media":0,"comment_status":"closed","ping_status":"closed","sticky":false,"template":"","format":"standard","meta":{"footnotes":""},"categories":[1],"tags":[],"class_list":["post-19","post","type-post","status-publish","format-standard","hentry","category-noticias"],"jetpack_featured_media_url":"","_links":{"self":[{"href":"https:\/\/wp.ufpel.edu.br\/ppcs\/wp-json\/wp\/v2\/posts\/19","targetHints":{"allow":["GET"]}}],"collection":[{"href":"https:\/\/wp.ufpel.edu.br\/ppcs\/wp-json\/wp\/v2\/posts"}],"about":[{"href":"https:\/\/wp.ufpel.edu.br\/ppcs\/wp-json\/wp\/v2\/types\/post"}],"author":[{"embeddable":true,"href":"https:\/\/wp.ufpel.edu.br\/ppcs\/wp-json\/wp\/v2\/users\/556"}],"replies":[{"embeddable":true,"href":"https:\/\/wp.ufpel.edu.br\/ppcs\/wp-json\/wp\/v2\/comments?post=19"}],"version-history":[{"count":1,"href":"https:\/\/wp.ufpel.edu.br\/ppcs\/wp-json\/wp\/v2\/posts\/19\/revisions"}],"predecessor-version":[{"id":20,"href":"https:\/\/wp.ufpel.edu.br\/ppcs\/wp-json\/wp\/v2\/posts\/19\/revisions\/20"}],"wp:attachment":[{"href":"https:\/\/wp.ufpel.edu.br\/ppcs\/wp-json\/wp\/v2\/media?parent=19"}],"wp:term":[{"taxonomy":"category","embeddable":true,"href":"https:\/\/wp.ufpel.edu.br\/ppcs\/wp-json\/wp\/v2\/categories?post=19"},{"taxonomy":"post_tag","embeddable":true,"href":"https:\/\/wp.ufpel.edu.br\/ppcs\/wp-json\/wp\/v2\/tags?post=19"}],"curies":[{"name":"wp","href":"https:\/\/api.w.org\/{rel}","templated":true}]}}