{"id":871,"date":"2019-09-19T11:06:36","date_gmt":"2019-09-19T14:06:36","guid":{"rendered":"https:\/\/wp.ufpel.edu.br\/poderescolar\/?p=871"},"modified":"2019-09-20T14:49:15","modified_gmt":"2019-09-20T17:49:15","slug":"programacao-14o-encontro-sobre-o-poder-escolar","status":"publish","type":"post","link":"https:\/\/wp.ufpel.edu.br\/poderescolar\/2019\/09\/19\/programacao-14o-encontro-sobre-o-poder-escolar\/","title":{"rendered":"Programa\u00e7\u00e3o &#8211; 14\u00ba Encontro sobre o Poder Escolar"},"content":{"rendered":"<p>Socializamos a Programa\u00e7\u00e3o do 14\u00ba Encontro sobre o Poder Escolar, que ser\u00e1 realizado de 23 a 26\/09\/2019, no Audit\u00f3rio do Col\u00e9gio Municipal Pelotense.<\/p>\n<p><img loading=\"lazy\" decoding=\"async\" src=\"https:\/\/wp.ufpel.edu.br\/poderescolar\/files\/2019\/09\/Programa\u00e7\u00e3o-14\u00ba-Encontro-sobre-o-Poder-Escolar-1.png\" alt=\"\" width=\"503\" height=\"723\" class=\"aligncenter size-full wp-image-878\" srcset=\"https:\/\/wp.ufpel.edu.br\/poderescolar\/files\/2019\/09\/Programa\u00e7\u00e3o-14\u00ba-Encontro-sobre-o-Poder-Escolar-1.png 503w, https:\/\/wp.ufpel.edu.br\/poderescolar\/files\/2019\/09\/Programa\u00e7\u00e3o-14\u00ba-Encontro-sobre-o-Poder-Escolar-1-111x159.png 111w\" sizes=\"auto, (max-width: 503px) 100vw, 503px\" \/><\/p>\n<p>Dispon\u00edvel tamb\u00e9m no link a seguir:<\/p>\n<p><a href=\"https:\/\/wp.ufpel.edu.br\/poderescolar\/files\/2019\/09\/Programa\u00e7\u00e3o-14\u00ba-Encontro-sobre-o-Poder-Escolar-2.pdf\">Programa\u00e7\u00e3o &#8211; 14\u00ba Encontro sobre o Poder Escolar<\/a><\/p>\n","protected":false},"excerpt":{"rendered":"<p>Socializamos a Programa\u00e7\u00e3o do 14\u00ba Encontro sobre o Poder Escolar, que ser\u00e1 realizado de 23 a 26\/09\/2019, no Audit\u00f3rio do Col\u00e9gio Municipal Pelotense. Dispon\u00edvel tamb\u00e9m no link a seguir: Programa\u00e7\u00e3o &#8211; 14\u00ba Encontro sobre o Poder Escolar<\/p>\n","protected":false},"author":631,"featured_media":0,"comment_status":"closed","ping_status":"closed","sticky":false,"template":"","format":"standard","meta":{"_jetpack_memberships_contains_paid_content":false,"footnotes":""},"categories":[1],"tags":[],"class_list":["post-871","post","type-post","status-publish","format-standard","hentry","category-noticias","item-wrap"],"jetpack_featured_media_url":"","jetpack_sharing_enabled":true,"_links":{"self":[{"href":"https:\/\/wp.ufpel.edu.br\/poderescolar\/wp-json\/wp\/v2\/posts\/871","targetHints":{"allow":["GET"]}}],"collection":[{"href":"https:\/\/wp.ufpel.edu.br\/poderescolar\/wp-json\/wp\/v2\/posts"}],"about":[{"href":"https:\/\/wp.ufpel.edu.br\/poderescolar\/wp-json\/wp\/v2\/types\/post"}],"author":[{"embeddable":true,"href":"https:\/\/wp.ufpel.edu.br\/poderescolar\/wp-json\/wp\/v2\/users\/631"}],"replies":[{"embeddable":true,"href":"https:\/\/wp.ufpel.edu.br\/poderescolar\/wp-json\/wp\/v2\/comments?post=871"}],"version-history":[{"count":5,"href":"https:\/\/wp.ufpel.edu.br\/poderescolar\/wp-json\/wp\/v2\/posts\/871\/revisions"}],"predecessor-version":[{"id":887,"href":"https:\/\/wp.ufpel.edu.br\/poderescolar\/wp-json\/wp\/v2\/posts\/871\/revisions\/887"}],"wp:attachment":[{"href":"https:\/\/wp.ufpel.edu.br\/poderescolar\/wp-json\/wp\/v2\/media?parent=871"}],"wp:term":[{"taxonomy":"category","embeddable":true,"href":"https:\/\/wp.ufpel.edu.br\/poderescolar\/wp-json\/wp\/v2\/categories?post=871"},{"taxonomy":"post_tag","embeddable":true,"href":"https:\/\/wp.ufpel.edu.br\/poderescolar\/wp-json\/wp\/v2\/tags?post=871"}],"curies":[{"name":"wp","href":"https:\/\/api.w.org\/{rel}","templated":true}]}}