{"id":235,"date":"2017-10-04T16:28:13","date_gmt":"2017-10-04T19:28:13","guid":{"rendered":"https:\/\/wp.ufpel.edu.br\/pls\/?p=235"},"modified":"2017-10-04T16:28:14","modified_gmt":"2017-10-04T19:28:14","slug":"comissao-debate-propostas-e-acoes-para-plano-de-logistica-sustentavel","status":"publish","type":"post","link":"https:\/\/wp.ufpel.edu.br\/pls\/2017\/10\/04\/comissao-debate-propostas-e-acoes-para-plano-de-logistica-sustentavel\/","title":{"rendered":"Comiss\u00e3o debate propostas e a\u00e7\u00f5es para Plano de Log\u00edstica Sustent\u00e1vel"},"content":{"rendered":"<p>A Comiss\u00e3o Gestora do Plano de Log\u00edstica Sustent\u00e1vel (PLS) da Universidade Federal de Pelotas (UFPel) est\u00e1 debru\u00e7ada sobre as sugest\u00f5es e temas enviados pela comunidade acad\u00eamica durante a Consulta P\u00fablica.<\/p>\n<p>O grupo, que se re\u00fanequinzenalmente na Pr\u00f3-Reitoria de Planejamento e Desenvolvimento (PROPLAN), est\u00e1 analisando contribui\u00e7\u00f5es em racionaliza\u00e7\u00e3o de material de consumo, compras e contrata\u00e7\u00f5es sustent\u00e1veis, efici\u00eancia no uso da \u00e1gua, coleta seletiva, efici\u00eancia energ\u00e9tica, sensibiliza\u00e7\u00e3o em rela\u00e7\u00e3o ao tema, qualidade de vida e outras sugest\u00f5es. O grupo tamb\u00e9m est\u00e1\u00a0estabelecendo a metodologia que possibilitar\u00e1 a defini\u00e7\u00e3o das\u00a0a\u00e7\u00f5es, metas, prazos de execu\u00e7\u00e3o e mecanismos de monitoramento e avalia\u00e7\u00e3o que permitir\u00e3o estabelecer pr\u00e1ticas de sustentabilidade e racionaliza\u00e7\u00e3o de gastos e processos na UFPel.<\/p>\n<p>Contatos com a Comiss\u00e3o podem ser feitos pelo e-mail\u00a0<a href=\"mailto:logisticasustentavel@ufpel.edu.br\">logisticasustentavel@ufpel.edu.br<\/a><\/p>\n<p><img data-recalc-dims=\"1\" data-attachment-id=\"237\" data-permalink=\"https:\/\/wp.ufpel.edu.br\/pls\/2017\/10\/04\/comissao-debate-propostas-e-acoes-para-plano-de-logistica-sustentavel\/dsc_0125\/\" data-orig-file=\"https:\/\/i0.wp.com\/wp.ufpel.edu.br\/pls\/files\/2017\/10\/DSC_0125.jpg?fit=4512%2C3000&amp;ssl=1\" data-orig-size=\"4512,3000\" data-comments-opened=\"0\" data-image-meta=\"{&quot;aperture&quot;:&quot;3.5&quot;,&quot;credit&quot;:&quot;&quot;,&quot;camera&quot;:&quot;NIKON D3200&quot;,&quot;caption&quot;:&quot;&quot;,&quot;created_timestamp&quot;:&quot;1506526186&quot;,&quot;copyright&quot;:&quot;&quot;,&quot;focal_length&quot;:&quot;18&quot;,&quot;iso&quot;:&quot;400&quot;,&quot;shutter_speed&quot;:&quot;0.02&quot;,&quot;title&quot;:&quot;&quot;,&quot;orientation&quot;:&quot;1&quot;}\" data-image-title=\"DSC_0125\" data-image-description=\"\" data-image-caption=\"\" data-medium-file=\"https:\/\/i0.wp.com\/wp.ufpel.edu.br\/pls\/files\/2017\/10\/DSC_0125.jpg?fit=400%2C266&amp;ssl=1\" data-large-file=\"https:\/\/i0.wp.com\/wp.ufpel.edu.br\/pls\/files\/2017\/10\/DSC_0125.jpg?fit=1024%2C681&amp;ssl=1\" class=\"alignnone size-medium wp-image-237\" src=\"https:\/\/i0.wp.com\/wp.ufpel.edu.br\/pls\/files\/2017\/10\/DSC_0125.jpg?resize=400%2C266&#038;ssl=1\" alt=\"\" width=\"400\" height=\"266\" srcset=\"https:\/\/i0.wp.com\/wp.ufpel.edu.br\/pls\/files\/2017\/10\/DSC_0125.jpg?resize=400%2C266&amp;ssl=1 400w, https:\/\/i0.wp.com\/wp.ufpel.edu.br\/pls\/files\/2017\/10\/DSC_0125.jpg?resize=768%2C511&amp;ssl=1 768w, https:\/\/i0.wp.com\/wp.ufpel.edu.br\/pls\/files\/2017\/10\/DSC_0125.jpg?resize=1024%2C681&amp;ssl=1 1024w, https:\/\/i0.wp.com\/wp.ufpel.edu.br\/pls\/files\/2017\/10\/DSC_0125.jpg?w=2000&amp;ssl=1 2000w, https:\/\/i0.wp.com\/wp.ufpel.edu.br\/pls\/files\/2017\/10\/DSC_0125.jpg?w=3000&amp;ssl=1 3000w\" sizes=\"(max-width: 400px) 100vw, 400px\" \/> <img data-recalc-dims=\"1\" data-attachment-id=\"238\" data-permalink=\"https:\/\/wp.ufpel.edu.br\/pls\/2017\/10\/04\/comissao-debate-propostas-e-acoes-para-plano-de-logistica-sustentavel\/dsc_0102\/\" data-orig-file=\"https:\/\/i0.wp.com\/wp.ufpel.edu.br\/pls\/files\/2017\/10\/DSC_0102.jpg?fit=4512%2C3000&amp;ssl=1\" data-orig-size=\"4512,3000\" data-comments-opened=\"0\" data-image-meta=\"{&quot;aperture&quot;:&quot;3.8&quot;,&quot;credit&quot;:&quot;&quot;,&quot;camera&quot;:&quot;NIKON D3200&quot;,&quot;caption&quot;:&quot;&quot;,&quot;created_timestamp&quot;:&quot;1506526139&quot;,&quot;copyright&quot;:&quot;&quot;,&quot;focal_length&quot;:&quot;22&quot;,&quot;iso&quot;:&quot;400&quot;,&quot;shutter_speed&quot;:&quot;0.016666666666667&quot;,&quot;title&quot;:&quot;&quot;,&quot;orientation&quot;:&quot;1&quot;}\" data-image-title=\"DSC_0102\" data-image-description=\"\" data-image-caption=\"\" data-medium-file=\"https:\/\/i0.wp.com\/wp.ufpel.edu.br\/pls\/files\/2017\/10\/DSC_0102.jpg?fit=400%2C266&amp;ssl=1\" data-large-file=\"https:\/\/i0.wp.com\/wp.ufpel.edu.br\/pls\/files\/2017\/10\/DSC_0102.jpg?fit=1024%2C681&amp;ssl=1\" class=\"alignnone size-medium wp-image-238\" src=\"https:\/\/i0.wp.com\/wp.ufpel.edu.br\/pls\/files\/2017\/10\/DSC_0102.jpg?resize=400%2C266&#038;ssl=1\" alt=\"\" width=\"400\" height=\"266\" srcset=\"https:\/\/i0.wp.com\/wp.ufpel.edu.br\/pls\/files\/2017\/10\/DSC_0102.jpg?resize=400%2C266&amp;ssl=1 400w, https:\/\/i0.wp.com\/wp.ufpel.edu.br\/pls\/files\/2017\/10\/DSC_0102.jpg?resize=768%2C511&amp;ssl=1 768w, https:\/\/i0.wp.com\/wp.ufpel.edu.br\/pls\/files\/2017\/10\/DSC_0102.jpg?resize=1024%2C681&amp;ssl=1 1024w, https:\/\/i0.wp.com\/wp.ufpel.edu.br\/pls\/files\/2017\/10\/DSC_0102.jpg?w=2000&amp;ssl=1 2000w, https:\/\/i0.wp.com\/wp.ufpel.edu.br\/pls\/files\/2017\/10\/DSC_0102.jpg?w=3000&amp;ssl=1 3000w\" sizes=\"(max-width: 400px) 100vw, 400px\" \/><\/p>\n","protected":false},"excerpt":{"rendered":"<p>A Comiss\u00e3o Gestora do Plano de Log\u00edstica Sustent\u00e1vel (PLS) da Universidade Federal de Pelotas (UFPel) est\u00e1 debru\u00e7ada sobre as sugest\u00f5es e temas enviados pela comunidade acad\u00eamica durante a Consulta P\u00fablica. O grupo, que se re\u00fanequinzenalmente na Pr\u00f3-Reitoria de Planejamento e Desenvolvimento (PROPLAN), est\u00e1 analisando contribui\u00e7\u00f5es em racionaliza\u00e7\u00e3o de material de consumo, compras e contrata\u00e7\u00f5es sustent\u00e1veis, [&hellip;]<\/p>\n","protected":false},"author":773,"featured_media":0,"comment_status":"closed","ping_status":"closed","sticky":false,"template":"","format":"standard","meta":{"jetpack_post_was_ever_published":false,"_jetpack_newsletter_access":"","_jetpack_dont_email_post_to_subs":false,"_jetpack_newsletter_tier_id":0,"_jetpack_memberships_contains_paywalled_content":false,"_jetpack_memberships_contains_paid_content":false,"footnotes":"","jetpack_publicize_message":"","jetpack_publicize_feature_enabled":true,"jetpack_social_post_already_shared":true,"jetpack_social_options":{"image_generator_settings":{"template":"highway","default_image_id":0,"font":"","enabled":false},"version":2}},"categories":[1],"tags":[],"class_list":["post-235","post","type-post","status-publish","format-standard","hentry","category-noticias"],"jetpack_publicize_connections":[],"jetpack_featured_media_url":"","jetpack_sharing_enabled":true,"jetpack_shortlink":"https:\/\/wp.me\/p8UpVi-3N","jetpack-related-posts":[],"_links":{"self":[{"href":"https:\/\/wp.ufpel.edu.br\/pls\/wp-json\/wp\/v2\/posts\/235","targetHints":{"allow":["GET"]}}],"collection":[{"href":"https:\/\/wp.ufpel.edu.br\/pls\/wp-json\/wp\/v2\/posts"}],"about":[{"href":"https:\/\/wp.ufpel.edu.br\/pls\/wp-json\/wp\/v2\/types\/post"}],"author":[{"embeddable":true,"href":"https:\/\/wp.ufpel.edu.br\/pls\/wp-json\/wp\/v2\/users\/773"}],"replies":[{"embeddable":true,"href":"https:\/\/wp.ufpel.edu.br\/pls\/wp-json\/wp\/v2\/comments?post=235"}],"version-history":[{"count":1,"href":"https:\/\/wp.ufpel.edu.br\/pls\/wp-json\/wp\/v2\/posts\/235\/revisions"}],"predecessor-version":[{"id":239,"href":"https:\/\/wp.ufpel.edu.br\/pls\/wp-json\/wp\/v2\/posts\/235\/revisions\/239"}],"wp:attachment":[{"href":"https:\/\/wp.ufpel.edu.br\/pls\/wp-json\/wp\/v2\/media?parent=235"}],"wp:term":[{"taxonomy":"category","embeddable":true,"href":"https:\/\/wp.ufpel.edu.br\/pls\/wp-json\/wp\/v2\/categories?post=235"},{"taxonomy":"post_tag","embeddable":true,"href":"https:\/\/wp.ufpel.edu.br\/pls\/wp-json\/wp\/v2\/tags?post=235"}],"curies":[{"name":"wp","href":"https:\/\/api.w.org\/{rel}","templated":true}]}}