{"id":217,"date":"2017-09-19T09:15:07","date_gmt":"2017-09-19T12:15:07","guid":{"rendered":"https:\/\/wp.ufpel.edu.br\/pls\/?p=217"},"modified":"2017-09-19T09:23:25","modified_gmt":"2017-09-19T12:23:25","slug":"217","status":"publish","type":"post","link":"https:\/\/wp.ufpel.edu.br\/pls\/2017\/09\/19\/217\/","title":{"rendered":"Consulta P\u00fablica sobre Log\u00edstica Sustent\u00e1vel envolve comunidade"},"content":{"rendered":"<p>&nbsp;<\/p>\n<blockquote class=\"wp-embedded-content\" data-secret=\"mk0nFIfA3O\"><p><a href=\"https:\/\/ccs2.ufpel.edu.br\/wp\/2017\/08\/25\/consulta-publica-sobre-logistica-sustentavel-envolve-comunidade\/\">Consulta P\u00fablica sobre Log\u00edstica Sustent\u00e1vel envolve comunidade<\/a><\/p><\/blockquote>\n<p><iframe class=\"wp-embedded-content\" sandbox=\"allow-scripts\" security=\"restricted\" style=\"position: absolute; clip: rect(1px, 1px, 1px, 1px);\" title=\"&#8220;Consulta P\u00fablica sobre Log\u00edstica Sustent\u00e1vel envolve comunidade&#8221; &#8212; Coordena\u00e7\u00e3o de Comunica\u00e7\u00e3o Social\" src=\"https:\/\/ccs2.ufpel.edu.br\/wp\/2017\/08\/25\/consulta-publica-sobre-logistica-sustentavel-envolve-comunidade\/embed\/#?secret=QgPcBRvDLi#?secret=mk0nFIfA3O\" data-secret=\"mk0nFIfA3O\" width=\"500\" height=\"282\" frameborder=\"0\" marginwidth=\"0\" marginheight=\"0\" scrolling=\"no\"><\/iframe><\/p>\n","protected":false},"excerpt":{"rendered":"<p>&nbsp; Consulta P\u00fablica sobre Log\u00edstica Sustent\u00e1vel envolve comunidade<\/p>\n","protected":false},"author":773,"featured_media":0,"comment_status":"closed","ping_status":"closed","sticky":false,"template":"","format":"standard","meta":{"jetpack_post_was_ever_published":false,"_jetpack_newsletter_access":"","_jetpack_dont_email_post_to_subs":false,"_jetpack_newsletter_tier_id":0,"_jetpack_memberships_contains_paywalled_content":false,"_jetpack_memberships_contains_paid_content":false,"footnotes":"","jetpack_publicize_message":"","jetpack_publicize_feature_enabled":true,"jetpack_social_post_already_shared":true,"jetpack_social_options":{"image_generator_settings":{"template":"highway","default_image_id":0,"font":"","enabled":false},"version":2}},"categories":[3,1],"tags":[],"class_list":["post-217","post","type-post","status-publish","format-standard","hentry","category-consultas","category-noticias"],"jetpack_publicize_connections":[],"jetpack_featured_media_url":"","jetpack_sharing_enabled":true,"jetpack_shortlink":"https:\/\/wp.me\/s8UpVi-217","jetpack-related-posts":[],"_links":{"self":[{"href":"https:\/\/wp.ufpel.edu.br\/pls\/wp-json\/wp\/v2\/posts\/217","targetHints":{"allow":["GET"]}}],"collection":[{"href":"https:\/\/wp.ufpel.edu.br\/pls\/wp-json\/wp\/v2\/posts"}],"about":[{"href":"https:\/\/wp.ufpel.edu.br\/pls\/wp-json\/wp\/v2\/types\/post"}],"author":[{"embeddable":true,"href":"https:\/\/wp.ufpel.edu.br\/pls\/wp-json\/wp\/v2\/users\/773"}],"replies":[{"embeddable":true,"href":"https:\/\/wp.ufpel.edu.br\/pls\/wp-json\/wp\/v2\/comments?post=217"}],"version-history":[{"count":2,"href":"https:\/\/wp.ufpel.edu.br\/pls\/wp-json\/wp\/v2\/posts\/217\/revisions"}],"predecessor-version":[{"id":222,"href":"https:\/\/wp.ufpel.edu.br\/pls\/wp-json\/wp\/v2\/posts\/217\/revisions\/222"}],"wp:attachment":[{"href":"https:\/\/wp.ufpel.edu.br\/pls\/wp-json\/wp\/v2\/media?parent=217"}],"wp:term":[{"taxonomy":"category","embeddable":true,"href":"https:\/\/wp.ufpel.edu.br\/pls\/wp-json\/wp\/v2\/categories?post=217"},{"taxonomy":"post_tag","embeddable":true,"href":"https:\/\/wp.ufpel.edu.br\/pls\/wp-json\/wp\/v2\/tags?post=217"}],"curies":[{"name":"wp","href":"https:\/\/api.w.org\/{rel}","templated":true}]}}