{"id":184,"date":"2017-07-14T15:58:49","date_gmt":"2017-07-14T18:58:49","guid":{"rendered":"https:\/\/wp.ufpel.edu.br\/pls\/?p=184"},"modified":"2017-09-19T09:33:45","modified_gmt":"2017-09-19T12:33:45","slug":"apresentacao","status":"publish","type":"post","link":"https:\/\/wp.ufpel.edu.br\/pls\/2017\/07\/14\/apresentacao\/","title":{"rendered":"Apresenta\u00e7\u00e3o"},"content":{"rendered":"<p>Precisamos cuidar do nosso mundo: \u00e9 fato. N\u00e3o podemos ficar s\u00f3 no discurso: \u00e9 necess\u00e1rio agir.<\/p>\n<p>Ent\u00e3o, o que precisamos fazer para assegurar a harmonia entre a constru\u00e7\u00e3o humana e a natureza?<br \/>\nQuais s\u00e3o as condi\u00e7\u00f5es para que a Universidade se conduza com \u00e9tica ambiental em todas as suas atividades?<br \/>\nQue resultados desejamos alcan\u00e7ar e que escolhas precisamos fazer?<br \/>\nO que cada um de n\u00f3s tem a ver com isso?<\/p>\n<p>Para responder a essas inquieta\u00e7\u00f5es e estabelecer pr\u00e1ticas e processos que levem em conta esse horizonte, a Universidade Federal de Pelotas (UFPel) est\u00e1 criando seu Plano de Log\u00edstica Sustent\u00e1vel (PLS). Mais do que um documento, o Plano ser\u00e1 um norteador das a\u00e7\u00f5es que queremos fazer no nosso dia a dia, enquanto alunos, professores ou t\u00e9cnico-administrativos, para termos uma Universidade s\u00f3cio-\u00e9tica e comprometida com o meio-ambiente.<\/p>\n<p>Ferramenta de planejamento que definir\u00e1 objetivos e responsabilidades definidas, o PLS ir\u00e1 conter a\u00e7\u00f5es, metas, prazos de execu\u00e7\u00e3o e mecanismos de monitoramento e avalia\u00e7\u00e3o, que permitir\u00e3o estabelecer pr\u00e1ticas de sustentabilidade e racionaliza\u00e7\u00e3o de gastos e processos. Contemplar\u00e1 aspectos como racionaliza\u00e7\u00e3o do uso de material de consumo, efici\u00eancia no uso da energia el\u00e9trica, coleta seletiva de res\u00edduos, qualidade de vida no trabalho, compras e contrata\u00e7\u00f5es sustent\u00e1veis, al\u00e9m de prever medidas de capacita\u00e7\u00e3o e sensibiliza\u00e7\u00e3o.<\/p>\n<p>Processo colaborativo e din\u00e2mico, o PLS vai ganhar vida no cotidiano das pessoas desta Universidade. E, para que possa ser este instrumento vivo, ser\u00e1 periodicamente avaliado e monitorado.<\/p>\n<p>O mundo precisa do nosso cuidado. Temos que fazer escolhas. <a href=\"https:\/\/wp.ufpel.edu.br\/pls\/2017\/07\/04\/75\/\">Quais ser\u00e3o elas? Ajude a definir.<\/a><\/p>\n","protected":false},"excerpt":{"rendered":"<p>Precisamos cuidar do nosso mundo: \u00e9 fato. N\u00e3o podemos ficar s\u00f3 no discurso: \u00e9 necess\u00e1rio agir. Ent\u00e3o, o que precisamos fazer para assegurar a harmonia entre a constru\u00e7\u00e3o humana e a natureza? Quais s\u00e3o as condi\u00e7\u00f5es para que a Universidade se conduza com \u00e9tica ambiental em todas as suas atividades? Que resultados desejamos alcan\u00e7ar e [&hellip;]<\/p>\n","protected":false},"author":773,"featured_media":0,"comment_status":"closed","ping_status":"closed","sticky":false,"template":"","format":"standard","meta":{"jetpack_post_was_ever_published":false,"_jetpack_newsletter_access":"","_jetpack_dont_email_post_to_subs":false,"_jetpack_newsletter_tier_id":0,"_jetpack_memberships_contains_paywalled_content":false,"_jetpack_memberships_contains_paid_content":false,"footnotes":"","jetpack_publicize_message":"","jetpack_publicize_feature_enabled":true,"jetpack_social_post_already_shared":true,"jetpack_social_options":{"image_generator_settings":{"template":"highway","default_image_id":0,"font":"","enabled":false},"version":2}},"categories":[1],"tags":[],"class_list":["post-184","post","type-post","status-publish","format-standard","hentry","category-noticias"],"jetpack_publicize_connections":[],"jetpack_featured_media_url":"","jetpack_sharing_enabled":true,"jetpack_shortlink":"https:\/\/wp.me\/p8UpVi-2Y","jetpack-related-posts":[],"_links":{"self":[{"href":"https:\/\/wp.ufpel.edu.br\/pls\/wp-json\/wp\/v2\/posts\/184","targetHints":{"allow":["GET"]}}],"collection":[{"href":"https:\/\/wp.ufpel.edu.br\/pls\/wp-json\/wp\/v2\/posts"}],"about":[{"href":"https:\/\/wp.ufpel.edu.br\/pls\/wp-json\/wp\/v2\/types\/post"}],"author":[{"embeddable":true,"href":"https:\/\/wp.ufpel.edu.br\/pls\/wp-json\/wp\/v2\/users\/773"}],"replies":[{"embeddable":true,"href":"https:\/\/wp.ufpel.edu.br\/pls\/wp-json\/wp\/v2\/comments?post=184"}],"version-history":[{"count":7,"href":"https:\/\/wp.ufpel.edu.br\/pls\/wp-json\/wp\/v2\/posts\/184\/revisions"}],"predecessor-version":[{"id":202,"href":"https:\/\/wp.ufpel.edu.br\/pls\/wp-json\/wp\/v2\/posts\/184\/revisions\/202"}],"wp:attachment":[{"href":"https:\/\/wp.ufpel.edu.br\/pls\/wp-json\/wp\/v2\/media?parent=184"}],"wp:term":[{"taxonomy":"category","embeddable":true,"href":"https:\/\/wp.ufpel.edu.br\/pls\/wp-json\/wp\/v2\/categories?post=184"},{"taxonomy":"post_tag","embeddable":true,"href":"https:\/\/wp.ufpel.edu.br\/pls\/wp-json\/wp\/v2\/tags?post=184"}],"curies":[{"name":"wp","href":"https:\/\/api.w.org\/{rel}","templated":true}]}}