{"id":820,"date":"2019-11-14T11:18:06","date_gmt":"2019-11-14T14:18:06","guid":{"rendered":"https:\/\/wp.ufpel.edu.br\/pibidfisica\/?p=820"},"modified":"2020-01-31T15:37:36","modified_gmt":"2020-01-31T18:37:36","slug":"evento-mural-g-biotec-no-parque-tecnologico-em-pelotas","status":"publish","type":"post","link":"https:\/\/wp.ufpel.edu.br\/pibidfisica\/2019\/11\/14\/evento-mural-g-biotec-no-parque-tecnologico-em-pelotas\/","title":{"rendered":"Evento: V Espa\u00e7o Ci\u00eancia do Mural G Biotec no Parque Tecnol\u00f3gico em Pelotas"},"content":{"rendered":"<p>No dia 13 de novembro de 2019 o curso de Biotecnologia da UFPEL promoveu o <strong>V Espa\u00e7o Ci\u00eancia<\/strong> do projeto de extens\u00e3o Mural G Biotec.<\/p>\n<p>O grupo PIBID\/F\u00cdSICA marcou presen\u00e7a na modalidade Mostra Interativa, com a proposta: &#8220;F\u00edsica: Gera\u00e7\u00e3o e Conserva\u00e7\u00e3o de Energia&#8221;<\/p>\n<p><a href=\"https:\/\/wp.ufpel.edu.br\/pibidfisica\/files\/2019\/11\/20191113_152839.jpg\"><img class=\"size-medium wp-image-828 aligncenter\" src=\"https:\/\/wp.ufpel.edu.br\/pibidfisica\/files\/2019\/11\/20191113_152839-300x169.jpg\" alt=\"\" width=\"300\" height=\"169\" srcset=\"https:\/\/wp.ufpel.edu.br\/pibidfisica\/files\/2019\/11\/20191113_152839-300x169.jpg 300w, https:\/\/wp.ufpel.edu.br\/pibidfisica\/files\/2019\/11\/20191113_152839-768x432.jpg 768w, https:\/\/wp.ufpel.edu.br\/pibidfisica\/files\/2019\/11\/20191113_152839.jpg 960w\" sizes=\"(max-width: 300px) 100vw, 300px\" \/><\/a><!--more--><\/p>\n<p><a href=\"https:\/\/wp.ufpel.edu.br\/pibidfisica\/files\/2019\/11\/20191113_141530.jpg\"><img class=\"size-medium wp-image-829 aligncenter\" src=\"https:\/\/wp.ufpel.edu.br\/pibidfisica\/files\/2019\/11\/20191113_141530-300x169.jpg\" alt=\"\" width=\"300\" height=\"169\" srcset=\"https:\/\/wp.ufpel.edu.br\/pibidfisica\/files\/2019\/11\/20191113_141530-300x169.jpg 300w, https:\/\/wp.ufpel.edu.br\/pibidfisica\/files\/2019\/11\/20191113_141530-768x432.jpg 768w, https:\/\/wp.ufpel.edu.br\/pibidfisica\/files\/2019\/11\/20191113_141530.jpg 960w\" sizes=\"(max-width: 300px) 100vw, 300px\" \/><\/a><\/p>\n<p><a href=\"https:\/\/wp.ufpel.edu.br\/pibidfisica\/files\/2019\/11\/20191113_140529.jpg\"><img class=\"size-medium wp-image-836 aligncenter\" src=\"https:\/\/wp.ufpel.edu.br\/pibidfisica\/files\/2019\/11\/20191113_140529-300x169.jpg\" alt=\"\" width=\"300\" height=\"169\" srcset=\"https:\/\/wp.ufpel.edu.br\/pibidfisica\/files\/2019\/11\/20191113_140529-300x169.jpg 300w, https:\/\/wp.ufpel.edu.br\/pibidfisica\/files\/2019\/11\/20191113_140529-768x432.jpg 768w, https:\/\/wp.ufpel.edu.br\/pibidfisica\/files\/2019\/11\/20191113_140529.jpg 960w\" sizes=\"(max-width: 300px) 100vw, 300px\" \/><\/a><\/p>\n<p><a href=\"https:\/\/wp.ufpel.edu.br\/pibidfisica\/files\/2019\/11\/20191113_170108.jpg\"><img class=\"size-medium wp-image-830 aligncenter\" src=\"https:\/\/wp.ufpel.edu.br\/pibidfisica\/files\/2019\/11\/20191113_170108-169x300.jpg\" alt=\"\" width=\"169\" height=\"300\" srcset=\"https:\/\/wp.ufpel.edu.br\/pibidfisica\/files\/2019\/11\/20191113_170108-169x300.jpg 169w, https:\/\/wp.ufpel.edu.br\/pibidfisica\/files\/2019\/11\/20191113_170108.jpg 540w\" sizes=\"(max-width: 169px) 100vw, 169px\" \/><\/a><\/p>\n<p><a href=\"https:\/\/wp.ufpel.edu.br\/pibidfisica\/files\/2019\/11\/20191113_170306.jpg\"><img class=\"size-medium wp-image-831 aligncenter\" src=\"https:\/\/wp.ufpel.edu.br\/pibidfisica\/files\/2019\/11\/20191113_170306-169x300.jpg\" alt=\"\" width=\"169\" height=\"300\" srcset=\"https:\/\/wp.ufpel.edu.br\/pibidfisica\/files\/2019\/11\/20191113_170306-169x300.jpg 169w, https:\/\/wp.ufpel.edu.br\/pibidfisica\/files\/2019\/11\/20191113_170306.jpg 540w\" sizes=\"(max-width: 169px) 100vw, 169px\" \/><\/a><\/p>\n<p><a href=\"https:\/\/wp.ufpel.edu.br\/pibidfisica\/files\/2019\/11\/20191113_180000.jpg\"><img class=\"size-medium wp-image-832 aligncenter\" src=\"https:\/\/wp.ufpel.edu.br\/pibidfisica\/files\/2019\/11\/20191113_180000-300x225.jpg\" alt=\"\" width=\"300\" height=\"225\" srcset=\"https:\/\/wp.ufpel.edu.br\/pibidfisica\/files\/2019\/11\/20191113_180000-300x225.jpg 300w, https:\/\/wp.ufpel.edu.br\/pibidfisica\/files\/2019\/11\/20191113_180000-768x576.jpg 768w, https:\/\/wp.ufpel.edu.br\/pibidfisica\/files\/2019\/11\/20191113_180000.jpg 960w\" sizes=\"(max-width: 300px) 100vw, 300px\" \/><\/a><\/p>\n","protected":false},"excerpt":{"rendered":"<p>No dia 13 de novembro de 2019 o curso de Biotecnologia da UFPEL promoveu o V Espa\u00e7o Ci\u00eancia do projeto de extens\u00e3o Mural G Biotec. O grupo PIBID\/F\u00cdSICA marcou presen\u00e7a na modalidade Mostra Interativa, com a proposta: &#8220;F\u00edsica: Gera\u00e7\u00e3o e Conserva\u00e7\u00e3o de Energia&#8221;<\/p>\n","protected":false},"author":457,"featured_media":0,"comment_status":"closed","ping_status":"closed","sticky":false,"template":"","format":"standard","meta":{"footnotes":""},"categories":[18],"tags":[],"class_list":["post-820","post","type-post","status-publish","format-standard","hentry","category-sem-categoria"],"jetpack_featured_media_url":"","_links":{"self":[{"href":"https:\/\/wp.ufpel.edu.br\/pibidfisica\/wp-json\/wp\/v2\/posts\/820","targetHints":{"allow":["GET"]}}],"collection":[{"href":"https:\/\/wp.ufpel.edu.br\/pibidfisica\/wp-json\/wp\/v2\/posts"}],"about":[{"href":"https:\/\/wp.ufpel.edu.br\/pibidfisica\/wp-json\/wp\/v2\/types\/post"}],"author":[{"embeddable":true,"href":"https:\/\/wp.ufpel.edu.br\/pibidfisica\/wp-json\/wp\/v2\/users\/457"}],"replies":[{"embeddable":true,"href":"https:\/\/wp.ufpel.edu.br\/pibidfisica\/wp-json\/wp\/v2\/comments?post=820"}],"version-history":[{"count":8,"href":"https:\/\/wp.ufpel.edu.br\/pibidfisica\/wp-json\/wp\/v2\/posts\/820\/revisions"}],"predecessor-version":[{"id":838,"href":"https:\/\/wp.ufpel.edu.br\/pibidfisica\/wp-json\/wp\/v2\/posts\/820\/revisions\/838"}],"wp:attachment":[{"href":"https:\/\/wp.ufpel.edu.br\/pibidfisica\/wp-json\/wp\/v2\/media?parent=820"}],"wp:term":[{"taxonomy":"category","embeddable":true,"href":"https:\/\/wp.ufpel.edu.br\/pibidfisica\/wp-json\/wp\/v2\/categories?post=820"},{"taxonomy":"post_tag","embeddable":true,"href":"https:\/\/wp.ufpel.edu.br\/pibidfisica\/wp-json\/wp\/v2\/tags?post=820"}],"curies":[{"name":"wp","href":"https:\/\/api.w.org\/{rel}","templated":true}]}}