{"id":779,"date":"2019-10-25T19:46:19","date_gmt":"2019-10-25T22:46:19","guid":{"rendered":"https:\/\/wp.ufpel.edu.br\/pibidfisica\/?p=779"},"modified":"2020-01-31T13:55:07","modified_gmt":"2020-01-31T16:55:07","slug":"apresentacao-de-trabalho-na-5a-siiepe-2","status":"publish","type":"post","link":"https:\/\/wp.ufpel.edu.br\/pibidfisica\/2019\/10\/25\/apresentacao-de-trabalho-na-5a-siiepe-2\/","title":{"rendered":"Apresenta\u00e7\u00e3o de trabalho na 5\u00aa SIIEPE (2)"},"content":{"rendered":"<p>No dia 25\/10 a bolsista Renata Belmudes Schneider apresentou o trabalho \u201c\u00d3PTICA DA VIS\u00c3O: UMA OFICINA PROMOVIDA PELO PIBID-F\u00cdSICA-UFPEL NO DESAFIO PR\u00c9 VESTIBULAR\u201d no \u00e2mbito do VI Congresso de Extens\u00e3o e Cultura (CEC) evento integrante da SIIEPE.<\/p>\n<p><a href=\"https:\/\/wp.ufpel.edu.br\/siiepe\/\" target=\"_blank\" rel=\"noopener noreferrer\">https:\/\/wp.ufpel.edu.br\/siiepe\/<\/a><\/p>\n<p>Autores do trabalho:<\/p>\n<p>Renata Belmudes Schneider; Samantha Cardoso Alves; Larissa Borba De Miranda; Rafael Cavagnoli<\/p>\n<p><span style=\"color: #3366ff\"><a style=\"color: #3366ff\" href=\"https:\/\/wp.ufpel.edu.br\/congressoextensao\/files\/2019\/11\/Educa%C3%A7%C3%A3o.pdf\" target=\"_blank\" rel=\"noopener noreferrer\">Anais<\/a><\/span> (p\u00e1g. 197)<\/p>\n<p><a href=\"https:\/\/wp.ufpel.edu.br\/pibidfisica\/files\/2019\/10\/20191025_115023-site.jpg\"><img class=\"size-medium wp-image-788 aligncenter\" src=\"https:\/\/wp.ufpel.edu.br\/pibidfisica\/files\/2019\/10\/20191025_115023-site-300x169.jpg\" alt=\"\" width=\"300\" height=\"169\" srcset=\"https:\/\/wp.ufpel.edu.br\/pibidfisica\/files\/2019\/10\/20191025_115023-site-300x169.jpg 300w, https:\/\/wp.ufpel.edu.br\/pibidfisica\/files\/2019\/10\/20191025_115023-site-768x432.jpg 768w, https:\/\/wp.ufpel.edu.br\/pibidfisica\/files\/2019\/10\/20191025_115023-site.jpg 960w\" sizes=\"(max-width: 300px) 100vw, 300px\" \/><\/a><\/p>\n<p><a href=\"https:\/\/wp.ufpel.edu.br\/pibidfisica\/files\/2019\/10\/20191025_115221-site.jpg\"><img class=\"size-medium wp-image-785 aligncenter\" src=\"https:\/\/wp.ufpel.edu.br\/pibidfisica\/files\/2019\/10\/20191025_115221-site-300x169.jpg\" alt=\"\" width=\"300\" height=\"169\" srcset=\"https:\/\/wp.ufpel.edu.br\/pibidfisica\/files\/2019\/10\/20191025_115221-site-300x169.jpg 300w, https:\/\/wp.ufpel.edu.br\/pibidfisica\/files\/2019\/10\/20191025_115221-site-768x432.jpg 768w, https:\/\/wp.ufpel.edu.br\/pibidfisica\/files\/2019\/10\/20191025_115221-site.jpg 960w\" sizes=\"(max-width: 300px) 100vw, 300px\" \/><\/a><\/p>\n","protected":false},"excerpt":{"rendered":"<p>No dia 25\/10 a bolsista Renata Belmudes Schneider apresentou o trabalho \u201c\u00d3PTICA DA VIS\u00c3O: UMA OFICINA PROMOVIDA PELO PIBID-F\u00cdSICA-UFPEL NO DESAFIO PR\u00c9 VESTIBULAR\u201d no \u00e2mbito do VI Congresso de Extens\u00e3o e Cultura (CEC) evento integrante da SIIEPE. https:\/\/wp.ufpel.edu.br\/siiepe\/ Autores do trabalho: Renata Belmudes Schneider; Samantha Cardoso Alves; Larissa Borba De Miranda; Rafael Cavagnoli Anais (p\u00e1g. [&hellip;]<\/p>\n","protected":false},"author":457,"featured_media":0,"comment_status":"closed","ping_status":"closed","sticky":false,"template":"","format":"standard","meta":{"footnotes":""},"categories":[18],"tags":[],"class_list":["post-779","post","type-post","status-publish","format-standard","hentry","category-sem-categoria"],"jetpack_featured_media_url":"","_links":{"self":[{"href":"https:\/\/wp.ufpel.edu.br\/pibidfisica\/wp-json\/wp\/v2\/posts\/779","targetHints":{"allow":["GET"]}}],"collection":[{"href":"https:\/\/wp.ufpel.edu.br\/pibidfisica\/wp-json\/wp\/v2\/posts"}],"about":[{"href":"https:\/\/wp.ufpel.edu.br\/pibidfisica\/wp-json\/wp\/v2\/types\/post"}],"author":[{"embeddable":true,"href":"https:\/\/wp.ufpel.edu.br\/pibidfisica\/wp-json\/wp\/v2\/users\/457"}],"replies":[{"embeddable":true,"href":"https:\/\/wp.ufpel.edu.br\/pibidfisica\/wp-json\/wp\/v2\/comments?post=779"}],"version-history":[{"count":7,"href":"https:\/\/wp.ufpel.edu.br\/pibidfisica\/wp-json\/wp\/v2\/posts\/779\/revisions"}],"predecessor-version":[{"id":789,"href":"https:\/\/wp.ufpel.edu.br\/pibidfisica\/wp-json\/wp\/v2\/posts\/779\/revisions\/789"}],"wp:attachment":[{"href":"https:\/\/wp.ufpel.edu.br\/pibidfisica\/wp-json\/wp\/v2\/media?parent=779"}],"wp:term":[{"taxonomy":"category","embeddable":true,"href":"https:\/\/wp.ufpel.edu.br\/pibidfisica\/wp-json\/wp\/v2\/categories?post=779"},{"taxonomy":"post_tag","embeddable":true,"href":"https:\/\/wp.ufpel.edu.br\/pibidfisica\/wp-json\/wp\/v2\/tags?post=779"}],"curies":[{"name":"wp","href":"https:\/\/api.w.org\/{rel}","templated":true}]}}