{"id":631,"date":"2019-07-19T15:01:34","date_gmt":"2019-07-19T18:01:34","guid":{"rendered":"https:\/\/wp.ufpel.edu.br\/pibidfisica\/?p=631"},"modified":"2019-07-19T15:03:42","modified_gmt":"2019-07-19T18:03:42","slug":"professores-do-ensino-medio-selecionados-para-escola-cern-2019","status":"publish","type":"post","link":"https:\/\/wp.ufpel.edu.br\/pibidfisica\/2019\/07\/19\/professores-do-ensino-medio-selecionados-para-escola-cern-2019\/","title":{"rendered":"Professores do ensino m\u00e9dio selecionados para Escola CERN 2019"},"content":{"rendered":"<p style=\"text-align: center\"><strong>Professores do ensino m\u00e9dio selecionados para Escola CERN 2019<\/strong><\/p>\n<p><a href=\"https:\/\/wp.ufpel.edu.br\/pibidfisica\/files\/2019\/07\/a1491711-96f5-45d6-84fa-4a530e08f5ca.png\"><img class=\"aligncenter wp-image-633\" src=\"https:\/\/wp.ufpel.edu.br\/pibidfisica\/files\/2019\/07\/a1491711-96f5-45d6-84fa-4a530e08f5ca-300x150.png\" alt=\"\" width=\"451\" height=\"226\" srcset=\"https:\/\/wp.ufpel.edu.br\/pibidfisica\/files\/2019\/07\/a1491711-96f5-45d6-84fa-4a530e08f5ca-300x150.png 300w, https:\/\/wp.ufpel.edu.br\/pibidfisica\/files\/2019\/07\/a1491711-96f5-45d6-84fa-4a530e08f5ca-768x384.png 768w, https:\/\/wp.ufpel.edu.br\/pibidfisica\/files\/2019\/07\/a1491711-96f5-45d6-84fa-4a530e08f5ca.png 1000w\" sizes=\"(max-width: 451px) 100vw, 451px\" \/><\/a><\/p>\n<p>Vinte professores brasileiros do Ensino M\u00e9dio de todas as regi\u00f5es do pa\u00eds foram selecionados para participar da Escola de F\u00edsica no CERN 2019, que acontece de 29 de agosto a 8 de setembro. Os brasileiros viajar\u00e3o \u00e0 Europa para participar, junto com professores de escolas secund\u00e1rias portuguesas, de aulas de F\u00edsica de Part\u00edculas, sess\u00f5es experimentais e visitas aos laborat\u00f3rios do CERN, na Su\u00ed\u00e7a, incluindo o maior acelerador de part\u00edculas em atividade, o grande colisor de pr\u00f3tons LHC. Todas as atividades ser\u00e3o realizadas no idioma portugu\u00eas. Confira a\u00a0<a href=\"http:\/\/www.sbfisica.org.br\/v1\/escolacern\/index.php\/edicoes\/2019\/2-uncategorised\/54-professores-selecionados-para-a-escola-de-fisica-cern-2019\" target=\"_blank\" rel=\"noopener noreferrer\">lista dos selecionados<\/a> no site da Escola de F\u00edsica CERN.<\/p>\n<p>Para a edi\u00e7\u00e3o de 2019 da escola foram selecionados 14 professores das redes p\u00fablicas federal, estadual e municipal de ensino e 6 professores de escolas particulares.\u00a0 Dos selecionados, 12 vem da regi\u00e3o Sudeste, 2 do Sul, 1 do Norte, 1 do Centro-Oeste e 4 do Nordeste. A distribui\u00e7\u00e3o por g\u00eanero \u00e9 17 homens e 3 mulheres.<\/p>\n<p>A Escola de F\u00edsica CERN \u00e9 uma realiza\u00e7\u00e3o da SBF em colabora\u00e7\u00e3o com a Rede Nacional de F\u00edsica de Altas Energias (RENAFAE) e o S\u00e3o Paulo Research and Analysis Center (SPRACE). Para saber mais sobre a experi\u00eancia e o conte\u00fado das atividades da escola, acesse <a href=\"http:\/\/www.sbfisica.org.br\/v1\/escolacern\/\" target=\"_blank\" rel=\"noopener noreferrer\">o site do projeto<\/a>\u00a0e leia o artigo <a href=\"http:\/\/www.sbfisica.org.br\/rbef\/pdf\/352501.pdf\" target=\"_blank\" rel=\"noopener noreferrer\">Explorando o CERN na f\u00edsica do Ensino M\u00e9dio<\/a>, publicado em 2013 na Revista Brasileira de Ensino de F\u00edsica.<\/p>\n<p>http:\/\/www.sbfisica.org.br\/v1\/home\/index.php\/pt\/acontece\/932-professores-do-ensino-medio-selecionados-para-escola-cern-2019<\/p>\n","protected":false},"excerpt":{"rendered":"<p>Professores do ensino m\u00e9dio selecionados para Escola CERN 2019 Vinte professores brasileiros do Ensino M\u00e9dio de todas as regi\u00f5es do pa\u00eds foram selecionados para participar da Escola de F\u00edsica no CERN 2019, que acontece de 29 de agosto a 8 de setembro. Os brasileiros viajar\u00e3o \u00e0 Europa para participar, junto com professores de escolas secund\u00e1rias [&hellip;]<\/p>\n","protected":false},"author":457,"featured_media":0,"comment_status":"closed","ping_status":"closed","sticky":false,"template":"","format":"standard","meta":{"footnotes":""},"categories":[18],"tags":[],"class_list":["post-631","post","type-post","status-publish","format-standard","hentry","category-sem-categoria"],"jetpack_featured_media_url":"","_links":{"self":[{"href":"https:\/\/wp.ufpel.edu.br\/pibidfisica\/wp-json\/wp\/v2\/posts\/631","targetHints":{"allow":["GET"]}}],"collection":[{"href":"https:\/\/wp.ufpel.edu.br\/pibidfisica\/wp-json\/wp\/v2\/posts"}],"about":[{"href":"https:\/\/wp.ufpel.edu.br\/pibidfisica\/wp-json\/wp\/v2\/types\/post"}],"author":[{"embeddable":true,"href":"https:\/\/wp.ufpel.edu.br\/pibidfisica\/wp-json\/wp\/v2\/users\/457"}],"replies":[{"embeddable":true,"href":"https:\/\/wp.ufpel.edu.br\/pibidfisica\/wp-json\/wp\/v2\/comments?post=631"}],"version-history":[{"count":1,"href":"https:\/\/wp.ufpel.edu.br\/pibidfisica\/wp-json\/wp\/v2\/posts\/631\/revisions"}],"predecessor-version":[{"id":634,"href":"https:\/\/wp.ufpel.edu.br\/pibidfisica\/wp-json\/wp\/v2\/posts\/631\/revisions\/634"}],"wp:attachment":[{"href":"https:\/\/wp.ufpel.edu.br\/pibidfisica\/wp-json\/wp\/v2\/media?parent=631"}],"wp:term":[{"taxonomy":"category","embeddable":true,"href":"https:\/\/wp.ufpel.edu.br\/pibidfisica\/wp-json\/wp\/v2\/categories?post=631"},{"taxonomy":"post_tag","embeddable":true,"href":"https:\/\/wp.ufpel.edu.br\/pibidfisica\/wp-json\/wp\/v2\/tags?post=631"}],"curies":[{"name":"wp","href":"https:\/\/api.w.org\/{rel}","templated":true}]}}