{"id":218,"date":"2021-06-01T13:52:21","date_gmt":"2021-06-01T16:52:21","guid":{"rendered":"https:\/\/wp.ufpel.edu.br\/pibidedinfantil\/?p=218"},"modified":"2021-06-01T13:52:21","modified_gmt":"2021-06-01T16:52:21","slug":"memoria-da-reuniao-16-12-2020","status":"publish","type":"post","link":"https:\/\/wp.ufpel.edu.br\/pibidedinfantil\/2021\/06\/01\/memoria-da-reuniao-16-12-2020\/","title":{"rendered":"Mem\u00f3ria da Reuni\u00e3o &#8211; 16\/12\/2020"},"content":{"rendered":"<p><span data-contrast=\"none\">No dia 16\/12\/2020, tivemos nosso \u00faltimo encontro s\u00edncrono do ano. Nele, debatemos sobre os objetivos dos Campos de Experi\u00eancia e recebemos a visita da professora Elisa\u00a0Vanti, que veio nos falar sobre Documenta\u00e7\u00e3o pedag\u00f3gica. Ao longo de sua fala pudemos conhecer e amadurecer alguns conhecimentos acerca desta outra forma de estar com as crian\u00e7as na Educa\u00e7\u00e3o Infantil e produzir experi\u00eancias de investiga\u00e7\u00e3o e aprendizagem. Foi uma conversa muito rica, cheia de aprendizados.<\/span><span data-ccp-props=\"{&quot;201341983&quot;:0,&quot;335559739&quot;:160,&quot;335559740&quot;:259}\">\u00a0<\/span><\/p>\n<p>&nbsp;<\/p>\n<p><strong>Texto: Caroline Lafuente\u00a0 <\/strong><\/p>\n<p><strong>Pibidiana e aluna do 1\u00ba semestre de Pedagogia.<\/strong><\/p>\n","protected":false},"excerpt":{"rendered":"<p>No dia 16\/12\/2020, tivemos nosso \u00faltimo encontro s\u00edncrono do ano. Nele, debatemos sobre os objetivos dos Campos de Experi\u00eancia e recebemos a visita da professora Elisa\u00a0Vanti, que veio nos falar sobre Documenta\u00e7\u00e3o pedag\u00f3gica. Ao longo de sua fala pudemos conhecer&#8230; <a class=\"more-link\" href=\"https:\/\/wp.ufpel.edu.br\/pibidedinfantil\/2021\/06\/01\/memoria-da-reuniao-16-12-2020\/\">Continue lendo &rarr;<\/a><\/p>\n","protected":false},"author":1154,"featured_media":220,"comment_status":"closed","ping_status":"closed","sticky":false,"template":"","format":"standard","meta":{"footnotes":""},"categories":[1],"tags":[],"class_list":["post-218","post","type-post","status-publish","format-standard","has-post-thumbnail","hentry","category-noticias"],"jetpack_featured_media_url":"https:\/\/wp.ufpel.edu.br\/pibidedinfantil\/files\/2021\/06\/quinto-encontro.jpg","_links":{"self":[{"href":"https:\/\/wp.ufpel.edu.br\/pibidedinfantil\/wp-json\/wp\/v2\/posts\/218","targetHints":{"allow":["GET"]}}],"collection":[{"href":"https:\/\/wp.ufpel.edu.br\/pibidedinfantil\/wp-json\/wp\/v2\/posts"}],"about":[{"href":"https:\/\/wp.ufpel.edu.br\/pibidedinfantil\/wp-json\/wp\/v2\/types\/post"}],"author":[{"embeddable":true,"href":"https:\/\/wp.ufpel.edu.br\/pibidedinfantil\/wp-json\/wp\/v2\/users\/1154"}],"replies":[{"embeddable":true,"href":"https:\/\/wp.ufpel.edu.br\/pibidedinfantil\/wp-json\/wp\/v2\/comments?post=218"}],"version-history":[{"count":1,"href":"https:\/\/wp.ufpel.edu.br\/pibidedinfantil\/wp-json\/wp\/v2\/posts\/218\/revisions"}],"predecessor-version":[{"id":221,"href":"https:\/\/wp.ufpel.edu.br\/pibidedinfantil\/wp-json\/wp\/v2\/posts\/218\/revisions\/221"}],"wp:featuredmedia":[{"embeddable":true,"href":"https:\/\/wp.ufpel.edu.br\/pibidedinfantil\/wp-json\/wp\/v2\/media\/220"}],"wp:attachment":[{"href":"https:\/\/wp.ufpel.edu.br\/pibidedinfantil\/wp-json\/wp\/v2\/media?parent=218"}],"wp:term":[{"taxonomy":"category","embeddable":true,"href":"https:\/\/wp.ufpel.edu.br\/pibidedinfantil\/wp-json\/wp\/v2\/categories?post=218"},{"taxonomy":"post_tag","embeddable":true,"href":"https:\/\/wp.ufpel.edu.br\/pibidedinfantil\/wp-json\/wp\/v2\/tags?post=218"}],"curies":[{"name":"wp","href":"https:\/\/api.w.org\/{rel}","templated":true}]}}