{"id":1593,"date":"2023-09-17T20:02:21","date_gmt":"2023-09-17T23:02:21","guid":{"rendered":"https:\/\/wp.ufpel.edu.br\/pianolab\/?p=1593"},"modified":"2023-09-17T20:08:30","modified_gmt":"2023-09-17T23:08:30","slug":"recital-fjunqueira","status":"publish","type":"post","link":"https:\/\/wp.ufpel.edu.br\/pianolab\/recital-fjunqueira\/","title":{"rendered":"Recital de Gradua\u00e7\u00e3o \u2013 Felipe Fran\u00e7a de Andrade Junqueira"},"content":{"rendered":"<p style=\"text-align: center;\"><strong>O Bacharelado em Piano apresenta Recital de Gradua\u00e7\u00e3o com:\u00a0<\/strong><br \/>\n<span style=\"color: #ff0000;\"><strong>Felipe Fran\u00e7a de Andrade Junqueira (SP)<br \/>\n<\/strong><\/span><strong>22\/09\/2023 \u00e0s 20h<br \/>\nLocal: Conservat\u00f3rio de M\u00fasica da UFPel<\/strong><\/p>\n<p><a href=\"https:\/\/wp.ufpel.edu.br\/pianolab\/recital-de-graduacao-felipe-franca-de-andrade-junqueira\/feed-recital-felipe-foto70-edit\/\" rel=\"attachment wp-att-1594\"><img data-recalc-dims=\"1\" loading=\"lazy\" decoding=\"async\" data-attachment-id=\"1594\" data-permalink=\"https:\/\/wp.ufpel.edu.br\/pianolab\/recital-fjunqueira\/feed-recital-felipe-foto70-edit\/\" data-orig-file=\"https:\/\/i0.wp.com\/wp.ufpel.edu.br\/pianolab\/files\/2023\/09\/Feed-Recital-Felipe-foto70-edit.png?fit=1080%2C1350&amp;ssl=1\" data-orig-size=\"1080,1350\" data-comments-opened=\"0\" data-image-meta=\"{&quot;aperture&quot;:&quot;0&quot;,&quot;credit&quot;:&quot;&quot;,&quot;camera&quot;:&quot;&quot;,&quot;caption&quot;:&quot;&quot;,&quot;created_timestamp&quot;:&quot;0&quot;,&quot;copyright&quot;:&quot;&quot;,&quot;focal_length&quot;:&quot;0&quot;,&quot;iso&quot;:&quot;0&quot;,&quot;shutter_speed&quot;:&quot;0&quot;,&quot;title&quot;:&quot;&quot;,&quot;orientation&quot;:&quot;0&quot;}\" data-image-title=\"Feed-Recital-Felipe-foto70-edit\" data-image-description=\"\" data-image-caption=\"\" data-medium-file=\"https:\/\/i0.wp.com\/wp.ufpel.edu.br\/pianolab\/files\/2023\/09\/Feed-Recital-Felipe-foto70-edit.png?fit=320%2C400&amp;ssl=1\" data-large-file=\"https:\/\/i0.wp.com\/wp.ufpel.edu.br\/pianolab\/files\/2023\/09\/Feed-Recital-Felipe-foto70-edit.png?fit=525%2C656&amp;ssl=1\" class=\"aligncenter wp-image-1594 size-large\" src=\"https:\/\/i0.wp.com\/wp.ufpel.edu.br\/pianolab\/files\/2023\/09\/Feed-Recital-Felipe-foto70-edit-819x1024.png?resize=525%2C656&#038;ssl=1\" alt=\"\" width=\"525\" height=\"656\" srcset=\"https:\/\/i0.wp.com\/wp.ufpel.edu.br\/pianolab\/files\/2023\/09\/Feed-Recital-Felipe-foto70-edit.png?resize=819%2C1024&amp;ssl=1 819w, https:\/\/i0.wp.com\/wp.ufpel.edu.br\/pianolab\/files\/2023\/09\/Feed-Recital-Felipe-foto70-edit.png?resize=320%2C400&amp;ssl=1 320w, https:\/\/i0.wp.com\/wp.ufpel.edu.br\/pianolab\/files\/2023\/09\/Feed-Recital-Felipe-foto70-edit.png?resize=768%2C960&amp;ssl=1 768w, https:\/\/i0.wp.com\/wp.ufpel.edu.br\/pianolab\/files\/2023\/09\/Feed-Recital-Felipe-foto70-edit.png?w=1080&amp;ssl=1 1080w\" sizes=\"auto, (max-width: 525px) 100vw, 525px\" \/><\/a><\/p>\n","protected":false},"excerpt":{"rendered":"<p>O Bacharelado em Piano apresenta Recital de Gradua\u00e7\u00e3o com:\u00a0 Felipe Fran\u00e7a de Andrade Junqueira (SP) 22\/09\/2023 \u00e0s 20h Local: Conservat\u00f3rio de M\u00fasica da UFPel<\/p>\n","protected":false},"author":1093,"featured_media":0,"comment_status":"closed","ping_status":"closed","sticky":false,"template":"","format":"standard","meta":{"_jetpack_memberships_contains_paid_content":false,"footnotes":""},"categories":[1],"tags":[],"class_list":["post-1593","post","type-post","status-publish","format-standard","hentry","category-noticias"],"jetpack_featured_media_url":"","jetpack-related-posts":[],"jetpack_sharing_enabled":true,"_links":{"self":[{"href":"https:\/\/wp.ufpel.edu.br\/pianolab\/wp-json\/wp\/v2\/posts\/1593","targetHints":{"allow":["GET"]}}],"collection":[{"href":"https:\/\/wp.ufpel.edu.br\/pianolab\/wp-json\/wp\/v2\/posts"}],"about":[{"href":"https:\/\/wp.ufpel.edu.br\/pianolab\/wp-json\/wp\/v2\/types\/post"}],"author":[{"embeddable":true,"href":"https:\/\/wp.ufpel.edu.br\/pianolab\/wp-json\/wp\/v2\/users\/1093"}],"replies":[{"embeddable":true,"href":"https:\/\/wp.ufpel.edu.br\/pianolab\/wp-json\/wp\/v2\/comments?post=1593"}],"version-history":[{"count":7,"href":"https:\/\/wp.ufpel.edu.br\/pianolab\/wp-json\/wp\/v2\/posts\/1593\/revisions"}],"predecessor-version":[{"id":1610,"href":"https:\/\/wp.ufpel.edu.br\/pianolab\/wp-json\/wp\/v2\/posts\/1593\/revisions\/1610"}],"wp:attachment":[{"href":"https:\/\/wp.ufpel.edu.br\/pianolab\/wp-json\/wp\/v2\/media?parent=1593"}],"wp:term":[{"taxonomy":"category","embeddable":true,"href":"https:\/\/wp.ufpel.edu.br\/pianolab\/wp-json\/wp\/v2\/categories?post=1593"},{"taxonomy":"post_tag","embeddable":true,"href":"https:\/\/wp.ufpel.edu.br\/pianolab\/wp-json\/wp\/v2\/tags?post=1593"}],"curies":[{"name":"wp","href":"https:\/\/api.w.org\/{rel}","templated":true}]}}