{"id":1562,"date":"2023-07-09T16:44:38","date_gmt":"2023-07-09T19:44:38","guid":{"rendered":"https:\/\/wp.ufpel.edu.br\/pianolab\/?p=1562"},"modified":"2023-07-09T16:53:29","modified_gmt":"2023-07-09T19:53:29","slug":"recital-com-rodolfo-faistauer","status":"publish","type":"post","link":"https:\/\/wp.ufpel.edu.br\/pianolab\/recital-com-rodolfo-faistauer\/","title":{"rendered":"Recital com Rodolfo Faistauer"},"content":{"rendered":"<p style=\"text-align: center;\"><strong>&#8220;Colabora\u00e7\u00e3o Pian\u00edstica em Pr\u00e1tica&#8221;<\/strong><br \/>\nconvida ao<br \/>\nRecital de Piano Solo com<br \/>\n<span style=\"font-size: 14pt;\"><strong><span style=\"color: #ff0000;\">Rodolfo Faistauer<\/span><\/strong><\/span><\/p>\n<p><a href=\"https:\/\/wp.ufpel.edu.br\/pianolab\/recital-com-rodolfo-faistauer\/cartaz-rodolfo-faistauer-2023\/\" rel=\"attachment wp-att-1567\"><img data-recalc-dims=\"1\" loading=\"lazy\" decoding=\"async\" data-attachment-id=\"1567\" data-permalink=\"https:\/\/wp.ufpel.edu.br\/pianolab\/recital-com-rodolfo-faistauer\/cartaz-rodolfo-faistauer-2023\/\" data-orig-file=\"https:\/\/i0.wp.com\/wp.ufpel.edu.br\/pianolab\/files\/2023\/07\/Cartaz-Rodolfo-Faistauer-2023.jpeg?fit=1600%2C1131&amp;ssl=1\" data-orig-size=\"1600,1131\" data-comments-opened=\"0\" data-image-meta=\"{&quot;aperture&quot;:&quot;0&quot;,&quot;credit&quot;:&quot;&quot;,&quot;camera&quot;:&quot;&quot;,&quot;caption&quot;:&quot;&quot;,&quot;created_timestamp&quot;:&quot;0&quot;,&quot;copyright&quot;:&quot;&quot;,&quot;focal_length&quot;:&quot;0&quot;,&quot;iso&quot;:&quot;0&quot;,&quot;shutter_speed&quot;:&quot;0&quot;,&quot;title&quot;:&quot;&quot;,&quot;orientation&quot;:&quot;0&quot;}\" data-image-title=\"Cartaz &amp;#8211; Rodolfo Faistauer &amp;#8211; 2023\" data-image-description=\"\" data-image-caption=\"\" data-medium-file=\"https:\/\/i0.wp.com\/wp.ufpel.edu.br\/pianolab\/files\/2023\/07\/Cartaz-Rodolfo-Faistauer-2023.jpeg?fit=400%2C283&amp;ssl=1\" data-large-file=\"https:\/\/i0.wp.com\/wp.ufpel.edu.br\/pianolab\/files\/2023\/07\/Cartaz-Rodolfo-Faistauer-2023.jpeg?fit=525%2C371&amp;ssl=1\" class=\"aligncenter wp-image-1567\" src=\"https:\/\/i0.wp.com\/wp.ufpel.edu.br\/pianolab\/files\/2023\/07\/Cartaz-Rodolfo-Faistauer-2023.jpeg?resize=525%2C371&#038;ssl=1\" alt=\"\" width=\"525\" height=\"371\" srcset=\"https:\/\/i0.wp.com\/wp.ufpel.edu.br\/pianolab\/files\/2023\/07\/Cartaz-Rodolfo-Faistauer-2023.jpeg?resize=400%2C283&amp;ssl=1 400w, https:\/\/i0.wp.com\/wp.ufpel.edu.br\/pianolab\/files\/2023\/07\/Cartaz-Rodolfo-Faistauer-2023.jpeg?resize=1024%2C724&amp;ssl=1 1024w, https:\/\/i0.wp.com\/wp.ufpel.edu.br\/pianolab\/files\/2023\/07\/Cartaz-Rodolfo-Faistauer-2023.jpeg?resize=768%2C543&amp;ssl=1 768w, https:\/\/i0.wp.com\/wp.ufpel.edu.br\/pianolab\/files\/2023\/07\/Cartaz-Rodolfo-Faistauer-2023.jpeg?resize=1536%2C1086&amp;ssl=1 1536w, https:\/\/i0.wp.com\/wp.ufpel.edu.br\/pianolab\/files\/2023\/07\/Cartaz-Rodolfo-Faistauer-2023.jpeg?w=1600&amp;ssl=1 1600w\" sizes=\"auto, (max-width: 525px) 100vw, 525px\" \/><\/a><\/p>\n<p style=\"text-align: center;\">Programado para o dia 14\/07\/23, sexta-feira \u00e0s 19h30min, no Conservat\u00f3rio de M\u00fasica da UFPEL, o recital apresentar\u00e1, como foco central, sonatas de L. v. Beethoven (1770-1827) e de C\u00e9sar Guerra Peixe (Petr\u00f3polis, 1914-1993), al\u00e9m de obras de outros compositores.<\/p>\n<p style=\"text-align: center;\">O pianista ministrar\u00e1 uma aula aberta aos alunos de piano da UFPEL no dia 13\/07, quinta-feira, a partir das 15h10min na sala 511 do Centro de Artes.<\/p>\n<p style=\"text-align: center;\">Mais informa\u00e7\u00f5es sobre o artista e o programa dispon\u00edveis a seguir:<\/p>\n<p style=\"text-align: center;\"><a href=\"https:\/\/wp.ufpel.edu.br\/pianolab\/recital-com-rodolfo-faistauer\/rodolfo-faistauer-dossier-colaboracao-pianistica-em-pratica-07-2023-better\/.pdf\" target=\"_blank\" rel=\"attachment noopener wp-att-1564\">Rodolfo Faistauer &#8211; Dossi\u00ea UFPEL &#8211; 07-2023<\/a><\/p>\n<p style=\"text-align: center;\"><a href=\"https:\/\/www.rodolfofaistauer.com\" target=\"_blank\" rel=\"noopener\">Site oficial do pianista Rodolfo Faistauer<\/a><\/p>\n","protected":false},"excerpt":{"rendered":"<p>&#8220;Colabora\u00e7\u00e3o Pian\u00edstica em Pr\u00e1tica&#8221; convida ao Recital de Piano Solo com Rodolfo Faistauer Programado para o dia 14\/07\/23, sexta-feira \u00e0s 19h30min, no Conservat\u00f3rio de M\u00fasica da UFPEL, o recital apresentar\u00e1, como foco central, sonatas de L. v. Beethoven (1770-1827) e de C\u00e9sar Guerra Peixe (Petr\u00f3polis, 1914-1993), al\u00e9m de obras de outros compositores. O pianista ministrar\u00e1 &hellip; <\/p>\n<p class=\"link-more\"><a href=\"https:\/\/wp.ufpel.edu.br\/pianolab\/recital-com-rodolfo-faistauer\/\" class=\"more-link\">Continue lendo<span class=\"screen-reader-text\"> &#8220;Recital com Rodolfo Faistauer&#8221;<\/span><\/a><\/p>\n","protected":false},"author":1093,"featured_media":0,"comment_status":"closed","ping_status":"closed","sticky":false,"template":"","format":"standard","meta":{"_jetpack_memberships_contains_paid_content":false,"footnotes":""},"categories":[1],"tags":[],"class_list":["post-1562","post","type-post","status-publish","format-standard","hentry","category-noticias"],"jetpack_featured_media_url":"","jetpack-related-posts":[],"jetpack_sharing_enabled":true,"_links":{"self":[{"href":"https:\/\/wp.ufpel.edu.br\/pianolab\/wp-json\/wp\/v2\/posts\/1562","targetHints":{"allow":["GET"]}}],"collection":[{"href":"https:\/\/wp.ufpel.edu.br\/pianolab\/wp-json\/wp\/v2\/posts"}],"about":[{"href":"https:\/\/wp.ufpel.edu.br\/pianolab\/wp-json\/wp\/v2\/types\/post"}],"author":[{"embeddable":true,"href":"https:\/\/wp.ufpel.edu.br\/pianolab\/wp-json\/wp\/v2\/users\/1093"}],"replies":[{"embeddable":true,"href":"https:\/\/wp.ufpel.edu.br\/pianolab\/wp-json\/wp\/v2\/comments?post=1562"}],"version-history":[{"count":17,"href":"https:\/\/wp.ufpel.edu.br\/pianolab\/wp-json\/wp\/v2\/posts\/1562\/revisions"}],"predecessor-version":[{"id":1584,"href":"https:\/\/wp.ufpel.edu.br\/pianolab\/wp-json\/wp\/v2\/posts\/1562\/revisions\/1584"}],"wp:attachment":[{"href":"https:\/\/wp.ufpel.edu.br\/pianolab\/wp-json\/wp\/v2\/media?parent=1562"}],"wp:term":[{"taxonomy":"category","embeddable":true,"href":"https:\/\/wp.ufpel.edu.br\/pianolab\/wp-json\/wp\/v2\/categories?post=1562"},{"taxonomy":"post_tag","embeddable":true,"href":"https:\/\/wp.ufpel.edu.br\/pianolab\/wp-json\/wp\/v2\/tags?post=1562"}],"curies":[{"name":"wp","href":"https:\/\/api.w.org\/{rel}","templated":true}]}}