{"id":1513,"date":"2023-05-13T20:33:49","date_gmt":"2023-05-13T23:33:49","guid":{"rendered":"https:\/\/wp.ufpel.edu.br\/pianolab\/?p=1513"},"modified":"2023-05-16T09:40:40","modified_gmt":"2023-05-16T12:40:40","slug":"recital1-phelipe-lima","status":"publish","type":"post","link":"https:\/\/wp.ufpel.edu.br\/pianolab\/recital1-phelipe-lima\/","title":{"rendered":"Recital de Meio de Curso \u2013 Phelipe Cesar Moraes Lima"},"content":{"rendered":"<p style=\"text-align: center;\"><strong>Recital de Meio de Curso<\/strong><\/p>\n<p style=\"text-align: center;\">No pr\u00f3ximo dia 18 de maio, quinta-feira, \u00e0s 19h30min, o pianista<br \/>\n<strong><span style=\"color: #ff0000;\">PHELIPE CESAR MORAES LIMA<br \/>\n(Rio de Janeiro\/RJ)<\/span><\/strong><br \/>\nacad\u00eamico do Bacharelado em Piano, apresentar\u00e1 seu recital de meio de curso.<\/p>\n<p style=\"text-align: center;\"><a href=\"https:\/\/wp.ufpel.edu.br\/pianolab\/recital-de-meio-de-curso-phelipe-cesar-moraes-lima\/cartaz-recital-phelipe-cesar-moraes-lima\/\" rel=\"attachment wp-att-1514\"><img data-recalc-dims=\"1\" loading=\"lazy\" decoding=\"async\" data-attachment-id=\"1514\" data-permalink=\"https:\/\/wp.ufpel.edu.br\/pianolab\/recital1-phelipe-lima\/cartaz-recital-phelipe-cesar-moraes-lima\/\" data-orig-file=\"https:\/\/i0.wp.com\/wp.ufpel.edu.br\/pianolab\/files\/2023\/05\/Cartaz-Recital-Phelipe-Cesar-Moraes-Lima.jpg?fit=1131%2C1600&amp;ssl=1\" data-orig-size=\"1131,1600\" data-comments-opened=\"0\" data-image-meta=\"{&quot;aperture&quot;:&quot;0&quot;,&quot;credit&quot;:&quot;&quot;,&quot;camera&quot;:&quot;&quot;,&quot;caption&quot;:&quot;&quot;,&quot;created_timestamp&quot;:&quot;0&quot;,&quot;copyright&quot;:&quot;&quot;,&quot;focal_length&quot;:&quot;0&quot;,&quot;iso&quot;:&quot;0&quot;,&quot;shutter_speed&quot;:&quot;0&quot;,&quot;title&quot;:&quot;&quot;,&quot;orientation&quot;:&quot;0&quot;}\" data-image-title=\"Cartaz Recital &amp;#8211; Phelipe Cesar Moraes Lima\" data-image-description=\"\" data-image-caption=\"\" data-medium-file=\"https:\/\/i0.wp.com\/wp.ufpel.edu.br\/pianolab\/files\/2023\/05\/Cartaz-Recital-Phelipe-Cesar-Moraes-Lima.jpg?fit=283%2C400&amp;ssl=1\" data-large-file=\"https:\/\/i0.wp.com\/wp.ufpel.edu.br\/pianolab\/files\/2023\/05\/Cartaz-Recital-Phelipe-Cesar-Moraes-Lima.jpg?fit=525%2C743&amp;ssl=1\" class=\"aligncenter wp-image-1514 size-large\" src=\"https:\/\/i0.wp.com\/wp.ufpel.edu.br\/pianolab\/files\/2023\/05\/Cartaz-Recital-Phelipe-Cesar-Moraes-Lima.jpg?resize=525%2C743&#038;ssl=1\" alt=\"\" width=\"525\" height=\"743\" srcset=\"https:\/\/i0.wp.com\/wp.ufpel.edu.br\/pianolab\/files\/2023\/05\/Cartaz-Recital-Phelipe-Cesar-Moraes-Lima.jpg?resize=724%2C1024&amp;ssl=1 724w, https:\/\/i0.wp.com\/wp.ufpel.edu.br\/pianolab\/files\/2023\/05\/Cartaz-Recital-Phelipe-Cesar-Moraes-Lima.jpg?resize=283%2C400&amp;ssl=1 283w, https:\/\/i0.wp.com\/wp.ufpel.edu.br\/pianolab\/files\/2023\/05\/Cartaz-Recital-Phelipe-Cesar-Moraes-Lima.jpg?resize=768%2C1086&amp;ssl=1 768w, https:\/\/i0.wp.com\/wp.ufpel.edu.br\/pianolab\/files\/2023\/05\/Cartaz-Recital-Phelipe-Cesar-Moraes-Lima.jpg?resize=1086%2C1536&amp;ssl=1 1086w, https:\/\/i0.wp.com\/wp.ufpel.edu.br\/pianolab\/files\/2023\/05\/Cartaz-Recital-Phelipe-Cesar-Moraes-Lima.jpg?w=1131&amp;ssl=1 1131w\" sizes=\"auto, (max-width: 525px) 100vw, 525px\" \/><\/a><\/p>\n<p style=\"text-align: center;\"><strong>\u00a0Programa:<\/strong><\/p>\n<p style=\"text-align: center;\">Johann Sebastian Bach: Inven\u00e7\u00f5es \u00e0 3 Vozes; Prel\u00fadio e Fuga<br \/>\nRobert Schumann: Kinderszenen Op. 15<br \/>\nMuzio Clementi: Sonata em Fa# menor, Op. 25 n\u00ba 5<\/p>\n","protected":false},"excerpt":{"rendered":"<p>Recital de Meio de Curso No pr\u00f3ximo dia 18 de maio, quinta-feira, \u00e0s 19h30min, o pianista PHELIPE CESAR MORAES LIMA (Rio de Janeiro\/RJ) acad\u00eamico do Bacharelado em Piano, apresentar\u00e1 seu recital de meio de curso. \u00a0Programa: Johann Sebastian Bach: Inven\u00e7\u00f5es \u00e0 3 Vozes; Prel\u00fadio e Fuga Robert Schumann: Kinderszenen Op. 15 Muzio Clementi: Sonata em &hellip; <\/p>\n<p class=\"link-more\"><a href=\"https:\/\/wp.ufpel.edu.br\/pianolab\/recital1-phelipe-lima\/\" class=\"more-link\">Continue lendo<span class=\"screen-reader-text\"> &#8220;Recital de Meio de Curso \u2013 Phelipe Cesar Moraes Lima&#8221;<\/span><\/a><\/p>\n","protected":false},"author":1093,"featured_media":0,"comment_status":"closed","ping_status":"closed","sticky":false,"template":"","format":"standard","meta":{"_jetpack_memberships_contains_paid_content":false,"footnotes":""},"categories":[1],"tags":[],"class_list":["post-1513","post","type-post","status-publish","format-standard","hentry","category-noticias"],"jetpack_featured_media_url":"","jetpack-related-posts":[],"jetpack_sharing_enabled":true,"_links":{"self":[{"href":"https:\/\/wp.ufpel.edu.br\/pianolab\/wp-json\/wp\/v2\/posts\/1513","targetHints":{"allow":["GET"]}}],"collection":[{"href":"https:\/\/wp.ufpel.edu.br\/pianolab\/wp-json\/wp\/v2\/posts"}],"about":[{"href":"https:\/\/wp.ufpel.edu.br\/pianolab\/wp-json\/wp\/v2\/types\/post"}],"author":[{"embeddable":true,"href":"https:\/\/wp.ufpel.edu.br\/pianolab\/wp-json\/wp\/v2\/users\/1093"}],"replies":[{"embeddable":true,"href":"https:\/\/wp.ufpel.edu.br\/pianolab\/wp-json\/wp\/v2\/comments?post=1513"}],"version-history":[{"count":16,"href":"https:\/\/wp.ufpel.edu.br\/pianolab\/wp-json\/wp\/v2\/posts\/1513\/revisions"}],"predecessor-version":[{"id":1540,"href":"https:\/\/wp.ufpel.edu.br\/pianolab\/wp-json\/wp\/v2\/posts\/1513\/revisions\/1540"}],"wp:attachment":[{"href":"https:\/\/wp.ufpel.edu.br\/pianolab\/wp-json\/wp\/v2\/media?parent=1513"}],"wp:term":[{"taxonomy":"category","embeddable":true,"href":"https:\/\/wp.ufpel.edu.br\/pianolab\/wp-json\/wp\/v2\/categories?post=1513"},{"taxonomy":"post_tag","embeddable":true,"href":"https:\/\/wp.ufpel.edu.br\/pianolab\/wp-json\/wp\/v2\/tags?post=1513"}],"curies":[{"name":"wp","href":"https:\/\/api.w.org\/{rel}","templated":true}]}}