{"id":1347,"date":"2022-11-23T20:30:36","date_gmt":"2022-11-23T23:30:36","guid":{"rendered":"https:\/\/wp.ufpel.edu.br\/pianolab\/?p=1347"},"modified":"2022-12-03T15:02:51","modified_gmt":"2022-12-03T18:02:51","slug":"defesa-de-tcc-tais-dewulf","status":"publish","type":"post","link":"https:\/\/wp.ufpel.edu.br\/pianolab\/defesa-de-tcc-tais-dewulf\/","title":{"rendered":"Defesa de TCC &#8211; Ta\u00eds Dewulf"},"content":{"rendered":"<p style=\"text-align: center;\">O curso de Bacharelado em M\u00fasica &#8211; Piano<br \/>\nrealizar\u00e1 a defesa do Trabalho de Conclus\u00e3o de Curso de<\/p>\n<p style=\"text-align: center;\"><span style=\"color: #ff0000;\"><strong>Ta\u00eds Iracema Mendon\u00e7a Dewulf<\/strong><\/span><\/p>\n<p style=\"text-align: center;\"><a href=\"https:\/\/wp.ufpel.edu.br\/pianolab\/defesa-de-tcc-tais-dewulf\/tais-iracema-mendonca-dewulf\/\" rel=\"attachment wp-att-1348\"><img data-recalc-dims=\"1\" loading=\"lazy\" decoding=\"async\" data-attachment-id=\"1354\" data-permalink=\"https:\/\/wp.ufpel.edu.br\/pianolab\/defesa-de-tcc-tais-dewulf\/tais-iracema-mendonca-dewulf\/\" data-orig-file=\"https:\/\/i0.wp.com\/wp.ufpel.edu.br\/pianolab\/files\/2022\/11\/Tais-Iracema-Mendonca-Dewulf.jpg?fit=1360%2C1318&amp;ssl=1\" data-orig-size=\"1360,1318\" data-comments-opened=\"0\" data-image-meta=\"{&quot;aperture&quot;:&quot;0&quot;,&quot;credit&quot;:&quot;&quot;,&quot;camera&quot;:&quot;&quot;,&quot;caption&quot;:&quot;&quot;,&quot;created_timestamp&quot;:&quot;0&quot;,&quot;copyright&quot;:&quot;&quot;,&quot;focal_length&quot;:&quot;0&quot;,&quot;iso&quot;:&quot;0&quot;,&quot;shutter_speed&quot;:&quot;0&quot;,&quot;title&quot;:&quot;&quot;,&quot;orientation&quot;:&quot;1&quot;}\" data-image-title=\"Ta\u00eds Iracema Mendon\u00e7a Dewulf\" data-image-description=\"\" data-image-caption=\"\" data-medium-file=\"https:\/\/i0.wp.com\/wp.ufpel.edu.br\/pianolab\/files\/2022\/11\/Tais-Iracema-Mendonca-Dewulf.jpg?fit=400%2C388&amp;ssl=1\" data-large-file=\"https:\/\/i0.wp.com\/wp.ufpel.edu.br\/pianolab\/files\/2022\/11\/Tais-Iracema-Mendonca-Dewulf.jpg?fit=525%2C509&amp;ssl=1\" class=\"aligncenter wp-image-1354 \" src=\"https:\/\/i0.wp.com\/wp.ufpel.edu.br\/pianolab\/files\/2022\/11\/Tais-Iracema-Mendonca-Dewulf.jpg?resize=216%2C209&#038;ssl=1\" alt=\"\" width=\"216\" height=\"209\" srcset=\"https:\/\/i0.wp.com\/wp.ufpel.edu.br\/pianolab\/files\/2022\/11\/Tais-Iracema-Mendonca-Dewulf.jpg?resize=400%2C388&amp;ssl=1 400w, https:\/\/i0.wp.com\/wp.ufpel.edu.br\/pianolab\/files\/2022\/11\/Tais-Iracema-Mendonca-Dewulf.jpg?resize=1024%2C992&amp;ssl=1 1024w, https:\/\/i0.wp.com\/wp.ufpel.edu.br\/pianolab\/files\/2022\/11\/Tais-Iracema-Mendonca-Dewulf.jpg?resize=768%2C744&amp;ssl=1 768w, https:\/\/i0.wp.com\/wp.ufpel.edu.br\/pianolab\/files\/2022\/11\/Tais-Iracema-Mendonca-Dewulf.jpg?w=1360&amp;ssl=1 1360w\" sizes=\"auto, (max-width: 216px) 100vw, 216px\" \/><\/a><\/p>\n<p style=\"text-align: center;\"><strong>&#8220;A sa\u00fade do M\u00fasico no curso de Bacharelado em Piano da<br \/>\n<\/strong><strong>Universidade Federal de Pelotas: levantamento e discuss\u00f5es&#8221;<\/strong><\/p>\n<p>Quando: <span style=\"background-color: #ffff00; color: #ff0000;\">06<\/span> de dezembro de 2022 (ter\u00e7a-feira) \u00e0s 16h<br \/>\n<del>05 de dezembro<\/del><br \/>\n<span style=\"font-size: 10pt;\">(Obs. Postergado devido ao campeonato mundial de futebol)<\/span><\/p>\n<p>Local: Sala 503 (bloco 2) do Centro de Artes<br \/>\n<span style=\"font-size: 10pt;\">R. \u00c1lvaro Chaves n\u00ba 65 \u2013 Centro \u2013 Pelotas \u2013 RS \u2013 96010-610<\/span><\/p>\n<p>Banca Examinadora:<br \/>\nProf. Dr. Germano Gastal Mayer (orientador)<br \/>\nProf. Dr. M\u00e1rcio de Souza<br \/>\nProf. Dr. Rafael Noleto<\/p>\n<p>O evento ter\u00e1 portas abertas a todos(as) interessados(as).<\/p>\n","protected":false},"excerpt":{"rendered":"<p>O curso de Bacharelado em M\u00fasica &#8211; Piano realizar\u00e1 a defesa do Trabalho de Conclus\u00e3o de Curso de Ta\u00eds Iracema Mendon\u00e7a Dewulf &#8220;A sa\u00fade do M\u00fasico no curso de Bacharelado em Piano da Universidade Federal de Pelotas: levantamento e discuss\u00f5es&#8221; Quando: 06 de dezembro de 2022 (ter\u00e7a-feira) \u00e0s 16h 05 de dezembro (Obs. Postergado devido &hellip; <\/p>\n<p class=\"link-more\"><a href=\"https:\/\/wp.ufpel.edu.br\/pianolab\/defesa-de-tcc-tais-dewulf\/\" class=\"more-link\">Continue lendo<span class=\"screen-reader-text\"> &#8220;Defesa de TCC &#8211; Ta\u00eds Dewulf&#8221;<\/span><\/a><\/p>\n","protected":false},"author":1093,"featured_media":0,"comment_status":"closed","ping_status":"closed","sticky":false,"template":"","format":"standard","meta":{"_jetpack_memberships_contains_paid_content":false,"footnotes":""},"categories":[1],"tags":[],"class_list":["post-1347","post","type-post","status-publish","format-standard","hentry","category-noticias"],"jetpack_featured_media_url":"","jetpack-related-posts":[],"jetpack_sharing_enabled":true,"_links":{"self":[{"href":"https:\/\/wp.ufpel.edu.br\/pianolab\/wp-json\/wp\/v2\/posts\/1347","targetHints":{"allow":["GET"]}}],"collection":[{"href":"https:\/\/wp.ufpel.edu.br\/pianolab\/wp-json\/wp\/v2\/posts"}],"about":[{"href":"https:\/\/wp.ufpel.edu.br\/pianolab\/wp-json\/wp\/v2\/types\/post"}],"author":[{"embeddable":true,"href":"https:\/\/wp.ufpel.edu.br\/pianolab\/wp-json\/wp\/v2\/users\/1093"}],"replies":[{"embeddable":true,"href":"https:\/\/wp.ufpel.edu.br\/pianolab\/wp-json\/wp\/v2\/comments?post=1347"}],"version-history":[{"count":16,"href":"https:\/\/wp.ufpel.edu.br\/pianolab\/wp-json\/wp\/v2\/posts\/1347\/revisions"}],"predecessor-version":[{"id":1369,"href":"https:\/\/wp.ufpel.edu.br\/pianolab\/wp-json\/wp\/v2\/posts\/1347\/revisions\/1369"}],"wp:attachment":[{"href":"https:\/\/wp.ufpel.edu.br\/pianolab\/wp-json\/wp\/v2\/media?parent=1347"}],"wp:term":[{"taxonomy":"category","embeddable":true,"href":"https:\/\/wp.ufpel.edu.br\/pianolab\/wp-json\/wp\/v2\/categories?post=1347"},{"taxonomy":"post_tag","embeddable":true,"href":"https:\/\/wp.ufpel.edu.br\/pianolab\/wp-json\/wp\/v2\/tags?post=1347"}],"curies":[{"name":"wp","href":"https:\/\/api.w.org\/{rel}","templated":true}]}}