{"id":6684,"date":"2024-07-29T14:53:40","date_gmt":"2024-07-29T17:53:40","guid":{"rendered":"https:\/\/wp.ufpel.edu.br\/pgfisica\/?p=6684"},"modified":"2024-07-29T14:55:25","modified_gmt":"2024-07-29T17:55:25","slug":"oferta-e-periodo-das-matriculas-e-disciplinas-semestre-2024-2","status":"publish","type":"post","link":"https:\/\/wp.ufpel.edu.br\/pgfisica\/2024\/07\/29\/oferta-e-periodo-das-matriculas-e-disciplinas-semestre-2024-2\/","title":{"rendered":"Oferta e Per\u00edodo das Matr\u00edculas e Disciplinas &#8211; Semestre 2024\/2"},"content":{"rendered":"<p>A Coordena\u00e7\u00e3o do Programa de P\u00f3s-Gradua\u00e7\u00e3o em F\u00edsica comunica que, em decis\u00e3o do Colegiado do PPGF\u00eds, e seguindo o Calend\u00e1rio Aprovado pela C\u00e2mara de P\u00f3s-Gradua\u00e7\u00e3o Strictu Sensu da UFPel e pelo COCEPE, que as disciplinas do Semestre 2024\/2 ocorrer\u00e3o entre os dias 02 de Setembro e 21 de Dezembro de 2024, totalizando 15 semanas.<\/p>\n<p>As matr\u00edculas j\u00e1 est\u00e3o abertas, e dever\u00e3o ser solicitadas pelos discentes e homologadas pelos orientador at\u00e9 o dia <strong>18 de Agosto de 2024.\u00a0<\/strong>A coordena\u00e7\u00e3o ir\u00e1, ent\u00e3o, homologar as matr\u00edculas at\u00e9 dia 25 de Agosto de 2024.<\/p>\n<p>A lista de disciplinas ofertadas est\u00e1 abaixo:<\/p>\n<table dir=\"ltr\" style=\"width: 735px;\" border=\"1\" cellspacing=\"0\" cellpadding=\"0\" data-sheets-root=\"1\" data-sheets-baot=\"1\">\n<colgroup>\n<col width=\"100\" \/>\n<col width=\"266\" \/>\n<col width=\"100\" \/><\/colgroup>\n<tbody>\n<tr>\n<td style=\"width: 129px;\">C\u00d3DIGO<\/td>\n<td style=\"width: 406px;\">DISCIPLINA<\/td>\n<td style=\"width: 200px;\">Docente Respons\u00e1vel<\/td>\n<\/tr>\n<tr>\n<td style=\"width: 129px;\">98138<\/td>\n<td style=\"width: 406px;\">Mec\u00e2nica Estat\u00edstica<\/td>\n<td style=\"width: 200px;\">J. Rafael<\/td>\n<\/tr>\n<tr>\n<td style=\"width: 129px;\">98140<\/td>\n<td style=\"width: 406px;\">Teoria Eletromagn\u00e9tica<\/td>\n<td style=\"width: 200px;\">Victor<\/td>\n<\/tr>\n<tr>\n<td style=\"width: 129px;\">98156<\/td>\n<td style=\"width: 406px;\">Simula\u00e7\u00e3o Molecular<\/td>\n<td style=\"width: 200px;\">J. Rafael<\/td>\n<\/tr>\n<tr>\n<td style=\"width: 129px;\">90146<\/td>\n<td style=\"width: 406px;\">Nanomateriais<\/td>\n<td style=\"width: 200px;\">Mario L.<\/td>\n<\/tr>\n<tr>\n<td style=\"width: 129px;\">90142<\/td>\n<td style=\"width: 406px;\">Teoria Qu\u00e2ntica de Campos I<\/td>\n<td style=\"width: 200px;\">Victor<\/td>\n<\/tr>\n<tr>\n<td style=\"width: 129px;\">98149<\/td>\n<td style=\"width: 406px;\">Supercondutividade<\/td>\n<td style=\"width: 200px;\">Valdemar<\/td>\n<\/tr>\n<tr>\n<td style=\"width: 129px;\">98147<\/td>\n<td style=\"width: 406px;\">T\u00f3picos em F\u00edsica Estat\u00edstica<\/td>\n<td style=\"width: 200px;\">Carlos<\/td>\n<\/tr>\n<tr>\n<td style=\"width: 129px;\">90150<\/td>\n<td style=\"width: 406px;\">T\u00f3picos em F\u00edsica de Part\u00edculas e H\u00e1drons I<\/td>\n<td style=\"width: 200px;\">Victor<\/td>\n<\/tr>\n<tr>\n<td style=\"width: 129px;\">98172<\/td>\n<td style=\"width: 406px;\">T\u00f3p. Prop. F\u00eds. de Materiais<\/td>\n<td style=\"width: 200px;\">Pedro Lov.<\/td>\n<\/tr>\n<tr>\n<td style=\"width: 129px;\">D000575<\/td>\n<td style=\"width: 406px;\">T\u00f3p. C\u00e1lc. Prim. Princ\u00edpios<\/td>\n<td style=\"width: 200px;\">Mauricio<\/td>\n<\/tr>\n<tr>\n<td style=\"width: 129px;\">98150<\/td>\n<td style=\"width: 406px;\">Semin\u00e1rio em F\u00edsica de Part\u00edculas e H\u00e1drons<\/td>\n<td style=\"width: 200px;\">Werner<\/td>\n<\/tr>\n<tr>\n<td style=\"width: 129px;\">D000408<\/td>\n<td style=\"width: 406px;\">Semin\u00e1rio F\u00eds. de Nanomateriais (T1)<\/td>\n<td style=\"width: 200px;\">Mauricio<\/td>\n<\/tr>\n<tr>\n<td style=\"width: 129px;\">D000408<\/td>\n<td style=\"width: 406px;\">Semin\u00e1rio F\u00eds. de Nanomateriais (T2)<\/td>\n<td style=\"width: 200px;\">Pedro Silva<\/td>\n<\/tr>\n<tr>\n<td style=\"width: 129px;\">98159<\/td>\n<td style=\"width: 406px;\">Disserta\u00e7\u00e3o de Mestrado<\/td>\n<td style=\"width: 200px;\">J. Rafael<\/td>\n<\/tr>\n<tr>\n<td style=\"width: 129px;\">90154<\/td>\n<td style=\"width: 406px;\">Tese de Doutorado<\/td>\n<td style=\"width: 200px;\">Wagner<\/td>\n<\/tr>\n<\/tbody>\n<\/table>\n<p>&nbsp;<\/p>\n","protected":false},"excerpt":{"rendered":"<p>A Coordena\u00e7\u00e3o do Programa de P\u00f3s-Gradua\u00e7\u00e3o em F\u00edsica comunica que, em decis\u00e3o do Colegiado do PPGF\u00eds, e seguindo o Calend\u00e1rio Aprovado pela C\u00e2mara de P\u00f3s-Gradua\u00e7\u00e3o Strictu Sensu da UFPel e pelo COCEPE, que as disciplinas do Semestre 2024\/2 ocorrer\u00e3o entre os dias 02 de Setembro e 21 de Dezembro de 2024, totalizando 15 semanas. As &hellip; <a href=\"https:\/\/wp.ufpel.edu.br\/pgfisica\/2024\/07\/29\/oferta-e-periodo-das-matriculas-e-disciplinas-semestre-2024-2\/\" class=\"more-link\">Continue lendo <span class=\"screen-reader-text\">Oferta e Per\u00edodo das Matr\u00edculas e Disciplinas &#8211; Semestre 2024\/2<\/span> <span class=\"meta-nav\">&rarr;<\/span><\/a><\/p>\n","protected":false},"author":220,"featured_media":0,"comment_status":"closed","ping_status":"closed","sticky":false,"template":"","format":"standard","meta":{"jetpack_post_was_ever_published":false,"_jetpack_newsletter_access":"","_jetpack_dont_email_post_to_subs":false,"_jetpack_newsletter_tier_id":0,"_jetpack_memberships_contains_paywalled_content":false,"_jetpack_memberships_contains_paid_content":false,"footnotes":"","jetpack_publicize_message":"","jetpack_publicize_feature_enabled":true,"jetpack_social_post_already_shared":true,"jetpack_social_options":{"image_generator_settings":{"template":"highway","default_image_id":0,"font":"","enabled":false},"version":2}},"categories":[18],"tags":[],"class_list":["post-6684","post","type-post","status-publish","format-standard","hentry","category-sem-categoria"],"jetpack_publicize_connections":[],"jetpack_featured_media_url":"","jetpack_sharing_enabled":true,"jetpack_shortlink":"https:\/\/wp.me\/p94N8p-1JO","_links":{"self":[{"href":"https:\/\/wp.ufpel.edu.br\/pgfisica\/wp-json\/wp\/v2\/posts\/6684","targetHints":{"allow":["GET"]}}],"collection":[{"href":"https:\/\/wp.ufpel.edu.br\/pgfisica\/wp-json\/wp\/v2\/posts"}],"about":[{"href":"https:\/\/wp.ufpel.edu.br\/pgfisica\/wp-json\/wp\/v2\/types\/post"}],"author":[{"embeddable":true,"href":"https:\/\/wp.ufpel.edu.br\/pgfisica\/wp-json\/wp\/v2\/users\/220"}],"replies":[{"embeddable":true,"href":"https:\/\/wp.ufpel.edu.br\/pgfisica\/wp-json\/wp\/v2\/comments?post=6684"}],"version-history":[{"count":3,"href":"https:\/\/wp.ufpel.edu.br\/pgfisica\/wp-json\/wp\/v2\/posts\/6684\/revisions"}],"predecessor-version":[{"id":6688,"href":"https:\/\/wp.ufpel.edu.br\/pgfisica\/wp-json\/wp\/v2\/posts\/6684\/revisions\/6688"}],"wp:attachment":[{"href":"https:\/\/wp.ufpel.edu.br\/pgfisica\/wp-json\/wp\/v2\/media?parent=6684"}],"wp:term":[{"taxonomy":"category","embeddable":true,"href":"https:\/\/wp.ufpel.edu.br\/pgfisica\/wp-json\/wp\/v2\/categories?post=6684"},{"taxonomy":"post_tag","embeddable":true,"href":"https:\/\/wp.ufpel.edu.br\/pgfisica\/wp-json\/wp\/v2\/tags?post=6684"}],"curies":[{"name":"wp","href":"https:\/\/api.w.org\/{rel}","templated":true}]}}