{"id":6560,"date":"2024-02-15T10:44:03","date_gmt":"2024-02-15T13:44:03","guid":{"rendered":"https:\/\/wp.ufpel.edu.br\/pgfisica\/?p=6560"},"modified":"2024-02-15T10:44:03","modified_gmt":"2024-02-15T13:44:03","slug":"matricula-e-oferta-2024-01","status":"publish","type":"post","link":"https:\/\/wp.ufpel.edu.br\/pgfisica\/2024\/02\/15\/matricula-e-oferta-2024-01\/","title":{"rendered":"Matr\u00edcula e Oferta 2024\/01"},"content":{"rendered":"<p>A Coordena\u00e7\u00e3o do PPGF\u00eds divulga a oferta para o Semestre 2024\/01. As matr\u00edculas ser\u00e3o de <strong>20 de Fevereiro de 2024 \u00e0 10 de Mar\u00e7o de 2024<\/strong>. As aulas iniciam no dia <strong>15 de Abril de 2024<\/strong>.<\/p>\n<table dir=\"ltr\" style=\"width: 862px;\" border=\"1\" cellspacing=\"0\" cellpadding=\"0\" data-sheets-root=\"1\">\n<colgroup>\n<col width=\"243\" \/>\n<col width=\"100\" \/><\/colgroup>\n<tbody>\n<tr>\n<td style=\"text-align: center; width: 685px;\" data-sheets-value=\"{&quot;1&quot;:2,&quot;2&quot;:&quot;Disciplina&quot;}\"><strong>Disciplina<\/strong><\/td>\n<td style=\"text-align: center; width: 177px;\" data-sheets-value=\"{&quot;1&quot;:2,&quot;2&quot;:&quot;Docente&quot;}\"><strong>Docente<\/strong><\/td>\n<\/tr>\n<tr>\n<td style=\"width: 685px; text-align: center;\" data-sheets-value=\"{&quot;1&quot;:2,&quot;2&quot;:&quot;EST\u00c1GIO DOCENTE&quot;}\">EST\u00c1GIO DOCENTE<\/td>\n<td style=\"width: 177px; text-align: center;\" data-sheets-value=\"{&quot;1&quot;:2,&quot;2&quot;:&quot;J. Rafael&quot;}\">J. Rafael<\/td>\n<\/tr>\n<tr>\n<td style=\"width: 685px; text-align: center;\" data-sheets-value=\"{&quot;1&quot;:2,&quot;2&quot;:&quot;MEC\u00c2NICA CL\u00c1SSICA&quot;}\">MEC\u00c2NICA CL\u00c1SSICA<\/td>\n<td style=\"width: 177px; text-align: center;\" data-sheets-value=\"{&quot;1&quot;:2,&quot;2&quot;:&quot;Pedro Jardim&quot;}\">Pedro Jardim<\/td>\n<\/tr>\n<tr>\n<td style=\"width: 685px; text-align: center;\" data-sheets-value=\"{&quot;1&quot;:2,&quot;2&quot;:&quot;MEC\u00c2NICA ESTAT\u00cdSTICA&quot;}\">MEC\u00c2NICA ESTAT\u00cdSTICA<\/td>\n<td style=\"width: 177px; text-align: center;\" data-sheets-value=\"{&quot;1&quot;:2,&quot;2&quot;:&quot;J. Rafael&quot;}\">J. Rafael<\/td>\n<\/tr>\n<tr>\n<td style=\"width: 685px; text-align: center;\" data-sheets-value=\"{&quot;1&quot;:2,&quot;2&quot;:&quot;MEC\u00c2NICA QU\u00c2NTICA&quot;}\">MEC\u00c2NICA QU\u00c2NTICA<\/td>\n<td style=\"width: 177px; text-align: center;\" data-sheets-value=\"{&quot;1&quot;:2,&quot;2&quot;:&quot;Wagner&quot;}\">Wagner<\/td>\n<\/tr>\n<tr>\n<td style=\"width: 685px; text-align: center;\" data-sheets-value=\"{&quot;1&quot;:2,&quot;2&quot;:&quot;M\u00c9TODOS DE SIMULA\u00c7\u00c3O COMPUTACIONAL QU\u00c2NTICA II&quot;}\">M\u00c9TODOS DE SIMULA\u00c7\u00c3O COMPUTACIONAL QU\u00c2NTICA II<\/td>\n<td style=\"width: 177px; text-align: center;\" data-sheets-value=\"{&quot;1&quot;:2,&quot;2&quot;:&quot;Maur\u00edcio&quot;}\">Maur\u00edcio<\/td>\n<\/tr>\n<tr>\n<td style=\"width: 685px; text-align: center;\" data-sheets-value=\"{&quot;1&quot;:2,&quot;2&quot;:&quot;PROPRIEDADES EL\u00c9TRICAS E MAGN\u00c9TICAS DA MAT\u00c9RIA&quot;}\">PROPRIEDADES EL\u00c9TRICAS E MAGN\u00c9TICAS DA MAT\u00c9RIA<\/td>\n<td style=\"width: 177px; text-align: center;\" data-sheets-value=\"{&quot;1&quot;:2,&quot;2&quot;:&quot;Pedro Silva&quot;}\">Pedro Silva<\/td>\n<\/tr>\n<tr>\n<td style=\"width: 685px; text-align: center;\" data-sheets-value=\"{&quot;1&quot;:2,&quot;2&quot;:&quot;SEMIN\u00c1RIOS DE F\u00cdSICA DE PART\u00cdCULAS E DE H\u00c1DRONS&quot;}\">SEMIN\u00c1RIOS DE F\u00cdSICA DE PART\u00cdCULAS E DE H\u00c1DRONS<\/td>\n<td style=\"width: 177px; text-align: center;\" data-sheets-value=\"{&quot;1&quot;:2,&quot;2&quot;:&quot;Werner&quot;}\">Werner<\/td>\n<\/tr>\n<tr>\n<td style=\"width: 685px; text-align: center;\" data-sheets-value=\"{&quot;1&quot;:2,&quot;2&quot;:&quot;SEMIN\u00c1RIOS DE SUPERCONDUTIVIDADE&quot;}\">SEMIN\u00c1RIOS DE SUPERCONDUTIVIDADE<\/td>\n<td style=\"width: 177px; text-align: center;\" data-sheets-value=\"{&quot;1&quot;:2,&quot;2&quot;:&quot;Fabio&quot;}\">Fabio<\/td>\n<\/tr>\n<tr>\n<td style=\"width: 685px; text-align: center;\" data-sheets-value=\"{&quot;1&quot;:2,&quot;2&quot;:&quot;SEMIN\u00c1RIOS EM F\u00cdSICA DE NANOMATERIAIS&quot;}\">SEMIN\u00c1RIOS EM F\u00cdSICA DE NANOMATERIAIS<\/td>\n<td style=\"width: 177px; text-align: center;\" data-sheets-value=\"{&quot;1&quot;:2,&quot;2&quot;:&quot;Mario Lucio&quot;}\">Mario Lucio<\/td>\n<\/tr>\n<tr>\n<td style=\"width: 685px; text-align: center;\" data-sheets-value=\"{&quot;1&quot;:2,&quot;2&quot;:&quot;TEORIA QU\u00c2NTICA DE CAMPOS I&quot;}\">TEORIA QU\u00c2NTICA DE CAMPOS I<\/td>\n<td style=\"width: 177px; text-align: center;\" data-sheets-value=\"{&quot;1&quot;:2,&quot;2&quot;:&quot;Victor&quot;}\">Victor<\/td>\n<\/tr>\n<tr>\n<td style=\"width: 685px; text-align: center;\" data-sheets-value=\"{&quot;1&quot;:2,&quot;2&quot;:&quot;T\u00d3PICOS DE F\u00cdSICA DE PART\u00cdCULAS E DE H\u00c1DRONS II&quot;}\">T\u00d3PICOS DE F\u00cdSICA DE PART\u00cdCULAS E DE H\u00c1DRONS II<\/td>\n<td style=\"width: 177px; text-align: center;\" data-sheets-value=\"{&quot;1&quot;:2,&quot;2&quot;:&quot;Victor&quot;}\">Victor<\/td>\n<\/tr>\n<tr>\n<td style=\"width: 685px; text-align: center;\" data-sheets-value=\"{&quot;1&quot;:2,&quot;2&quot;:&quot;T\u00d3PICOS EM F\u00cdSICA ESTAT\u00cdSTICA&quot;}\">T\u00d3PICOS EM F\u00cdSICA ESTAT\u00cdSTICA<\/td>\n<td style=\"width: 177px; text-align: center;\" data-sheets-value=\"{&quot;1&quot;:2,&quot;2&quot;:&quot;J. Rafael&quot;}\">J. Rafael<\/td>\n<\/tr>\n<tr>\n<td style=\"width: 685px; text-align: center;\" data-sheets-value=\"{&quot;1&quot;:2,&quot;2&quot;:&quot;T\u00d3PICOS EM S\u00cdNTESE E CARACTERIZA\u00c7\u00c3O DE SISTEMAS NANOESTRUTURADOS&quot;}\">T\u00d3PICOS EM S\u00cdNTESE E CARACTERIZA\u00c7\u00c3O DE SISTEMAS NANOESTRUTURADOS<\/td>\n<td style=\"width: 177px; text-align: center;\" data-sheets-value=\"{&quot;1&quot;:2,&quot;2&quot;:&quot;Mario Lucio&quot;}\">Mario Lucio<\/td>\n<\/tr>\n<\/tbody>\n<\/table>\n<p><\/p>\n","protected":false},"excerpt":{"rendered":"<p>A Coordena\u00e7\u00e3o do PPGF\u00eds divulga a oferta para o Semestre 2024\/01. As matr\u00edculas ser\u00e3o de 20 de Fevereiro de 2024 \u00e0 10 de Mar\u00e7o de 2024. As aulas iniciam no dia 15 de Abril de 2024. Disciplina Docente EST\u00c1GIO DOCENTE J. Rafael MEC\u00c2NICA CL\u00c1SSICA Pedro Jardim MEC\u00c2NICA ESTAT\u00cdSTICA J. Rafael MEC\u00c2NICA QU\u00c2NTICA Wagner M\u00c9TODOS DE &hellip; <a href=\"https:\/\/wp.ufpel.edu.br\/pgfisica\/2024\/02\/15\/matricula-e-oferta-2024-01\/\" class=\"more-link\">Continue lendo <span class=\"screen-reader-text\">Matr\u00edcula e Oferta 2024\/01<\/span> <span class=\"meta-nav\">&rarr;<\/span><\/a><\/p>\n","protected":false},"author":220,"featured_media":0,"comment_status":"closed","ping_status":"closed","sticky":false,"template":"","format":"standard","meta":{"jetpack_post_was_ever_published":false,"_jetpack_newsletter_access":"","_jetpack_dont_email_post_to_subs":false,"_jetpack_newsletter_tier_id":0,"_jetpack_memberships_contains_paywalled_content":false,"_jetpack_memberships_contains_paid_content":false,"footnotes":"","jetpack_publicize_message":"","jetpack_publicize_feature_enabled":true,"jetpack_social_post_already_shared":true,"jetpack_social_options":{"image_generator_settings":{"template":"highway","default_image_id":0,"font":"","enabled":false},"version":2}},"categories":[18],"tags":[],"class_list":["post-6560","post","type-post","status-publish","format-standard","hentry","category-sem-categoria"],"jetpack_publicize_connections":[],"jetpack_featured_media_url":"","jetpack_sharing_enabled":true,"jetpack_shortlink":"https:\/\/wp.me\/p94N8p-1HO","_links":{"self":[{"href":"https:\/\/wp.ufpel.edu.br\/pgfisica\/wp-json\/wp\/v2\/posts\/6560","targetHints":{"allow":["GET"]}}],"collection":[{"href":"https:\/\/wp.ufpel.edu.br\/pgfisica\/wp-json\/wp\/v2\/posts"}],"about":[{"href":"https:\/\/wp.ufpel.edu.br\/pgfisica\/wp-json\/wp\/v2\/types\/post"}],"author":[{"embeddable":true,"href":"https:\/\/wp.ufpel.edu.br\/pgfisica\/wp-json\/wp\/v2\/users\/220"}],"replies":[{"embeddable":true,"href":"https:\/\/wp.ufpel.edu.br\/pgfisica\/wp-json\/wp\/v2\/comments?post=6560"}],"version-history":[{"count":1,"href":"https:\/\/wp.ufpel.edu.br\/pgfisica\/wp-json\/wp\/v2\/posts\/6560\/revisions"}],"predecessor-version":[{"id":6564,"href":"https:\/\/wp.ufpel.edu.br\/pgfisica\/wp-json\/wp\/v2\/posts\/6560\/revisions\/6564"}],"wp:attachment":[{"href":"https:\/\/wp.ufpel.edu.br\/pgfisica\/wp-json\/wp\/v2\/media?parent=6560"}],"wp:term":[{"taxonomy":"category","embeddable":true,"href":"https:\/\/wp.ufpel.edu.br\/pgfisica\/wp-json\/wp\/v2\/categories?post=6560"},{"taxonomy":"post_tag","embeddable":true,"href":"https:\/\/wp.ufpel.edu.br\/pgfisica\/wp-json\/wp\/v2\/tags?post=6560"}],"curies":[{"name":"wp","href":"https:\/\/api.w.org\/{rel}","templated":true}]}}