{"id":3372,"date":"2016-09-08T11:04:36","date_gmt":"2016-09-08T14:04:36","guid":{"rendered":"http:\/\/ifm.ufpel.edu.br\/pgfisica\/site\/?p=3372"},"modified":"2016-09-08T11:04:36","modified_gmt":"2016-09-08T14:04:36","slug":"seminarios-de-acompanhamento-de-18-meses-do-curso-de-mestrado","status":"publish","type":"post","link":"https:\/\/wp.ufpel.edu.br\/pgfisica\/2016\/09\/08\/seminarios-de-acompanhamento-de-18-meses-do-curso-de-mestrado\/","title":{"rendered":"Semin\u00e1rios de Acompanhamento de 18 meses do Curso de Mestrado"},"content":{"rendered":"<p style=\"text-align: justify\">Na semana de <span style=\"color: #0000ff\"><strong>12 a 16 de setembro<\/strong><\/span> de 2016 o Programa de P\u00f3s-Gradua\u00e7\u00e3o em F\u00edsica apresentar\u00e1 os <strong>Semin\u00e1rios de Acompanhamento de 18 meses do Curso de Mestrado em F\u00edsica<\/strong>, dos seguintes discentes:<\/p>\n<p style=\"text-align: justify\"><strong>12\/09 &#8211; Clauane de Sousa Brito:<\/strong> Estudo da intera\u00e7\u00e3o de clusters de Rh com nanoestruturas de Carbono via teoria do funcional da densidade<\/p>\n<p style=\"text-align: justify\"><strong>13\/09 &#8211; Janileide Vieria Gomes<\/strong>: Acelera\u00e7\u00e3o de el\u00e9trons devido \u00e0 turbul\u00eancia de Langmuir via simula\u00e7\u00e3o por part\u00edculas<\/p>\n<p style=\"text-align: justify\"><strong>14\/09 &#8211; Lecione Cavalcante dos Santos:<\/strong> O papel das flutua\u00e7\u00f5es t\u00e9rmicas na magnetiza\u00e7\u00e3o revers\u00edvel da din\u00e2mica de v\u00f3rtices de monocristais de YBa<sub>2<\/sub>Cu<sub>3<\/sub>O<sub>7-\u03b4<\/sub> granulares<\/p>\n<p style=\"text-align: justify\"><strong>15\/09 &#8211; Luan Bonneau Arbeletche:<\/strong> Influ\u00eancia da f\u00edsica difrativa em chuveiros atmosf\u00e9ricos extensos ultraenerg\u00e9ticos<\/p>\n<p style=\"text-align: justify\"><strong>16\/09 &#8211; Tatiane Strelow Lilge:<\/strong> Aplica\u00e7\u00e3o de titanatos de alcalinos terrosos em c\u00e9lulas solares de estado s\u00f3lido<\/p>\n<p style=\"text-align: justify\">Os Semin\u00e1rios ser\u00e3o apresentados na sala 416 do pr\u00e9dio 13 do Departamento de F\u00edsica, sempre as 16 horas. <\/p>\n","protected":false},"excerpt":{"rendered":"<p>Na semana de 12 a 16 de setembro de 2016 o Programa de P\u00f3s-Gradua\u00e7\u00e3o em F\u00edsica apresentar\u00e1 os Semin\u00e1rios de Acompanhamento de 18 meses do Curso de Mestrado em F\u00edsica, dos seguintes discentes: 12\/09 &#8211; Clauane de Sousa Brito: Estudo da intera\u00e7\u00e3o de clusters de Rh com nanoestruturas de Carbono via teoria do funcional da &hellip; <a href=\"https:\/\/wp.ufpel.edu.br\/pgfisica\/2016\/09\/08\/seminarios-de-acompanhamento-de-18-meses-do-curso-de-mestrado\/\" class=\"more-link\">Continue lendo <span class=\"screen-reader-text\">Semin\u00e1rios de Acompanhamento de 18 meses do Curso de Mestrado<\/span> <span class=\"meta-nav\">&rarr;<\/span><\/a><\/p>\n","protected":false},"author":220,"featured_media":0,"comment_status":"open","ping_status":"closed","sticky":false,"template":"","format":"standard","meta":{"jetpack_post_was_ever_published":false,"_jetpack_newsletter_access":"","_jetpack_dont_email_post_to_subs":false,"_jetpack_newsletter_tier_id":0,"_jetpack_memberships_contains_paywalled_content":false,"_jetpack_memberships_contains_paid_content":false,"footnotes":"","jetpack_publicize_message":"","jetpack_publicize_feature_enabled":true,"jetpack_social_post_already_shared":false,"jetpack_social_options":{"image_generator_settings":{"template":"highway","default_image_id":0,"font":"","enabled":false},"version":2}},"categories":[20],"tags":[],"class_list":["post-3372","post","type-post","status-publish","format-standard","hentry","category-noticias"],"jetpack_publicize_connections":[],"jetpack_featured_media_url":"","jetpack_sharing_enabled":true,"jetpack_shortlink":"https:\/\/wp.me\/p94N8p-So","_links":{"self":[{"href":"https:\/\/wp.ufpel.edu.br\/pgfisica\/wp-json\/wp\/v2\/posts\/3372","targetHints":{"allow":["GET"]}}],"collection":[{"href":"https:\/\/wp.ufpel.edu.br\/pgfisica\/wp-json\/wp\/v2\/posts"}],"about":[{"href":"https:\/\/wp.ufpel.edu.br\/pgfisica\/wp-json\/wp\/v2\/types\/post"}],"author":[{"embeddable":true,"href":"https:\/\/wp.ufpel.edu.br\/pgfisica\/wp-json\/wp\/v2\/users\/220"}],"replies":[{"embeddable":true,"href":"https:\/\/wp.ufpel.edu.br\/pgfisica\/wp-json\/wp\/v2\/comments?post=3372"}],"version-history":[{"count":0,"href":"https:\/\/wp.ufpel.edu.br\/pgfisica\/wp-json\/wp\/v2\/posts\/3372\/revisions"}],"wp:attachment":[{"href":"https:\/\/wp.ufpel.edu.br\/pgfisica\/wp-json\/wp\/v2\/media?parent=3372"}],"wp:term":[{"taxonomy":"category","embeddable":true,"href":"https:\/\/wp.ufpel.edu.br\/pgfisica\/wp-json\/wp\/v2\/categories?post=3372"},{"taxonomy":"post_tag","embeddable":true,"href":"https:\/\/wp.ufpel.edu.br\/pgfisica\/wp-json\/wp\/v2\/tags?post=3372"}],"curies":[{"name":"wp","href":"https:\/\/api.w.org\/{rel}","templated":true}]}}