{"id":2940,"date":"2016-07-20T15:02:08","date_gmt":"2016-07-20T18:02:08","guid":{"rendered":"http:\/\/ifm.ufpel.edu.br\/pgfisica\/site\/?p=2940"},"modified":"2016-07-20T15:02:08","modified_gmt":"2016-07-20T18:02:08","slug":"homologacao-de-inscricoes-201602-para-o-mestrado-e-doutorado-em-fisica","status":"publish","type":"post","link":"https:\/\/wp.ufpel.edu.br\/pgfisica\/2016\/07\/20\/homologacao-de-inscricoes-201602-para-o-mestrado-e-doutorado-em-fisica\/","title":{"rendered":"Homologa\u00e7\u00e3o de inscri\u00e7\u00f5es 2016\/02 para o Mestrado e Doutorado em F\u00edsica"},"content":{"rendered":"<p style=\"text-align: justify\">A Comiss\u00e3o de P\u00f3s-Gradua\u00e7\u00e3o divulga a rela\u00e7\u00e3o de <span style=\"color: #ff0000\"><strong>candidatos(as) homologados(as)<\/strong><\/span> para o processo de sele\u00e7\u00e3o aos <strong>Cursos de <span style=\"color: #0000ff\">Mestrado<\/span> e <span style=\"color: #ff0000\">Doutorado<\/span> <\/strong>em F\u00edsica, com ingresso no segundo semestre de 2016:<\/p>\n<p><span style=\"color: #0000ff\"><strong>Mestrado<\/strong><\/span><\/p>\n<ol>\n<li>\n<p>Caroline Schmechel Schiavon<\/p>\n<\/li>\n<li>\n<p>Celso Rodrigues Sena<\/p>\n<\/li>\n<li>\n<p>Elias Gabriel Nunes Zanatto<\/p>\n<\/li>\n<li>\n<p>Gabriel Chaves Brito<\/p>\n<\/li>\n<li>\n<p>Gilvana Coelho Penedo<\/p>\n<\/li>\n<li>\n<p>Tatiane Manke da Rocha<\/p>\n<\/li>\n<li>\n<p>Tiago Azevedo Braga<\/p>\n<\/li>\n<\/ol>\n<p><span style=\"color: #ff0000\"><strong>Doutorado<\/strong><\/span><\/p>\n<ol>\n<li>\n<p>Jean Torres Reis<\/p>\n<\/li>\n<li>\n<p>Leandro Lemos Gonzales<\/p>\n<\/li>\n<li>\n<p>Rafael Otto Coelho<\/p>\n<\/li>\n<\/ol>\n<p>O <span style=\"color: #0000ff\"><strong>resultado do processo de sele\u00e7\u00e3o<\/strong><\/span> ser\u00e1 divulgado na pr\u00f3xima <strong>segunda-feira<\/strong>, <span style=\"color: #0000ff\"><strong>25 de julho de 2016<\/strong><\/span>, na p\u00e1gina do Programa.<\/p>\n<p>&nbsp;<\/p>\n<p>&nbsp;<\/p>\n","protected":false},"excerpt":{"rendered":"<p>A Comiss\u00e3o de P\u00f3s-Gradua\u00e7\u00e3o divulga a rela\u00e7\u00e3o de candidatos(as) homologados(as) para o processo de sele\u00e7\u00e3o aos Cursos de Mestrado e Doutorado em F\u00edsica, com ingresso no segundo semestre de 2016: Mestrado Caroline Schmechel Schiavon Celso Rodrigues Sena Elias Gabriel Nunes Zanatto Gabriel Chaves Brito Gilvana Coelho Penedo Tatiane Manke da Rocha Tiago Azevedo Braga Doutorado &hellip; <a href=\"https:\/\/wp.ufpel.edu.br\/pgfisica\/2016\/07\/20\/homologacao-de-inscricoes-201602-para-o-mestrado-e-doutorado-em-fisica\/\" class=\"more-link\">Continue lendo <span class=\"screen-reader-text\">Homologa\u00e7\u00e3o de inscri\u00e7\u00f5es 2016\/02 para o Mestrado e Doutorado em F\u00edsica<\/span> <span class=\"meta-nav\">&rarr;<\/span><\/a><\/p>\n","protected":false},"author":220,"featured_media":0,"comment_status":"open","ping_status":"closed","sticky":false,"template":"","format":"standard","meta":{"jetpack_post_was_ever_published":false,"_jetpack_newsletter_access":"","_jetpack_dont_email_post_to_subs":false,"_jetpack_newsletter_tier_id":0,"_jetpack_memberships_contains_paywalled_content":false,"_jetpack_memberships_contains_paid_content":false,"footnotes":"","jetpack_publicize_message":"","jetpack_publicize_feature_enabled":true,"jetpack_social_post_already_shared":false,"jetpack_social_options":{"image_generator_settings":{"template":"highway","default_image_id":0,"font":"","enabled":false},"version":2}},"categories":[20],"tags":[],"class_list":["post-2940","post","type-post","status-publish","format-standard","hentry","category-noticias"],"jetpack_publicize_connections":[],"jetpack_featured_media_url":"","jetpack_sharing_enabled":true,"jetpack_shortlink":"https:\/\/wp.me\/p94N8p-Lq","_links":{"self":[{"href":"https:\/\/wp.ufpel.edu.br\/pgfisica\/wp-json\/wp\/v2\/posts\/2940","targetHints":{"allow":["GET"]}}],"collection":[{"href":"https:\/\/wp.ufpel.edu.br\/pgfisica\/wp-json\/wp\/v2\/posts"}],"about":[{"href":"https:\/\/wp.ufpel.edu.br\/pgfisica\/wp-json\/wp\/v2\/types\/post"}],"author":[{"embeddable":true,"href":"https:\/\/wp.ufpel.edu.br\/pgfisica\/wp-json\/wp\/v2\/users\/220"}],"replies":[{"embeddable":true,"href":"https:\/\/wp.ufpel.edu.br\/pgfisica\/wp-json\/wp\/v2\/comments?post=2940"}],"version-history":[{"count":0,"href":"https:\/\/wp.ufpel.edu.br\/pgfisica\/wp-json\/wp\/v2\/posts\/2940\/revisions"}],"wp:attachment":[{"href":"https:\/\/wp.ufpel.edu.br\/pgfisica\/wp-json\/wp\/v2\/media?parent=2940"}],"wp:term":[{"taxonomy":"category","embeddable":true,"href":"https:\/\/wp.ufpel.edu.br\/pgfisica\/wp-json\/wp\/v2\/categories?post=2940"},{"taxonomy":"post_tag","embeddable":true,"href":"https:\/\/wp.ufpel.edu.br\/pgfisica\/wp-json\/wp\/v2\/tags?post=2940"}],"curies":[{"name":"wp","href":"https:\/\/api.w.org\/{rel}","templated":true}]}}