{"id":2765,"date":"2016-03-14T10:29:50","date_gmt":"2016-03-14T13:29:50","guid":{"rendered":"http:\/\/ifm.ufpel.edu.br\/pgfisica\/site\/?p=2765"},"modified":"2016-03-14T10:29:50","modified_gmt":"2016-03-14T13:29:50","slug":"homologacao-das-candidaturas-ao-processo-de-selecao-para-o-doutorado-em-fisica","status":"publish","type":"post","link":"https:\/\/wp.ufpel.edu.br\/pgfisica\/2016\/03\/14\/homologacao-das-candidaturas-ao-processo-de-selecao-para-o-doutorado-em-fisica\/","title":{"rendered":"Homologa\u00e7ao das candidaturas ao processo de sele\u00e7\u00e3o para o Doutorado em F\u00edsica"},"content":{"rendered":"<p style=\"text-align: justify\">A Comiss\u00e3o de P\u00f3s-Gradua\u00e7\u00e3o divulga a rela\u00e7\u00e3o de <strong>candidatos (as) homologados(as)<\/strong> para o processo de sele\u00e7\u00e3o ao <strong>Curso de Doutorado em F\u00edsica<\/strong>:<\/p>\n<ol>\n<li>\n<p>Cesar Eduardo Krumreich<\/p>\n<\/li>\n<li>\n<p>Efracio Mamani Flores<\/p>\n<\/li>\n<li>\n<p>Fernanda Clenir Hernandes da Silva<\/p>\n<\/li>\n<li>\n<p>Krys Elly de Ara\u00fajo Batista<\/p>\n<\/li>\n<li>\n<p>Rafael Otto Coelho<\/p>\n<\/li>\n<li>\n<p>Rafael Uarth Fassbender<\/p>\n<\/li>\n<li>\n<p>Sandra Teixeira Jaeckel<\/p>\n<\/li>\n<\/ol>\n<p style=\"text-align: justify\">O resultado do processo de sele\u00e7\u00e3o ser\u00e1 divulgado na pr\u00f3xima sexta-feira, 18 de mar\u00e7o de 2016, na p\u00e1gina do Programa.<\/p>\n","protected":false},"excerpt":{"rendered":"<p>A Comiss\u00e3o de P\u00f3s-Gradua\u00e7\u00e3o divulga a rela\u00e7\u00e3o de candidatos (as) homologados(as) para o processo de sele\u00e7\u00e3o ao Curso de Doutorado em F\u00edsica: Cesar Eduardo Krumreich Efracio Mamani Flores Fernanda Clenir Hernandes da Silva Krys Elly de Ara\u00fajo Batista Rafael Otto Coelho Rafael Uarth Fassbender Sandra Teixeira Jaeckel O resultado do processo de sele\u00e7\u00e3o ser\u00e1 divulgado &hellip; <a href=\"https:\/\/wp.ufpel.edu.br\/pgfisica\/2016\/03\/14\/homologacao-das-candidaturas-ao-processo-de-selecao-para-o-doutorado-em-fisica\/\" class=\"more-link\">Continue lendo <span class=\"screen-reader-text\">Homologa\u00e7ao das candidaturas ao processo de sele\u00e7\u00e3o para o Doutorado em F\u00edsica<\/span> <span class=\"meta-nav\">&rarr;<\/span><\/a><\/p>\n","protected":false},"author":220,"featured_media":0,"comment_status":"open","ping_status":"closed","sticky":false,"template":"","format":"standard","meta":{"jetpack_post_was_ever_published":false,"_jetpack_newsletter_access":"","_jetpack_dont_email_post_to_subs":false,"_jetpack_newsletter_tier_id":0,"_jetpack_memberships_contains_paywalled_content":false,"_jetpack_memberships_contains_paid_content":false,"footnotes":"","jetpack_publicize_message":"","jetpack_publicize_feature_enabled":true,"jetpack_social_post_already_shared":false,"jetpack_social_options":{"image_generator_settings":{"template":"highway","default_image_id":0,"font":"","enabled":false},"version":2}},"categories":[20],"tags":[],"class_list":["post-2765","post","type-post","status-publish","format-standard","hentry","category-noticias"],"jetpack_publicize_connections":[],"jetpack_featured_media_url":"","jetpack_sharing_enabled":true,"jetpack_shortlink":"https:\/\/wp.me\/p94N8p-IB","_links":{"self":[{"href":"https:\/\/wp.ufpel.edu.br\/pgfisica\/wp-json\/wp\/v2\/posts\/2765","targetHints":{"allow":["GET"]}}],"collection":[{"href":"https:\/\/wp.ufpel.edu.br\/pgfisica\/wp-json\/wp\/v2\/posts"}],"about":[{"href":"https:\/\/wp.ufpel.edu.br\/pgfisica\/wp-json\/wp\/v2\/types\/post"}],"author":[{"embeddable":true,"href":"https:\/\/wp.ufpel.edu.br\/pgfisica\/wp-json\/wp\/v2\/users\/220"}],"replies":[{"embeddable":true,"href":"https:\/\/wp.ufpel.edu.br\/pgfisica\/wp-json\/wp\/v2\/comments?post=2765"}],"version-history":[{"count":0,"href":"https:\/\/wp.ufpel.edu.br\/pgfisica\/wp-json\/wp\/v2\/posts\/2765\/revisions"}],"wp:attachment":[{"href":"https:\/\/wp.ufpel.edu.br\/pgfisica\/wp-json\/wp\/v2\/media?parent=2765"}],"wp:term":[{"taxonomy":"category","embeddable":true,"href":"https:\/\/wp.ufpel.edu.br\/pgfisica\/wp-json\/wp\/v2\/categories?post=2765"},{"taxonomy":"post_tag","embeddable":true,"href":"https:\/\/wp.ufpel.edu.br\/pgfisica\/wp-json\/wp\/v2\/tags?post=2765"}],"curies":[{"name":"wp","href":"https:\/\/api.w.org\/{rel}","templated":true}]}}