{"id":2746,"date":"2016-02-24T10:18:39","date_gmt":"2016-02-24T13:18:39","guid":{"rendered":"http:\/\/ifm.ufpel.edu.br\/pgfisica\/site\/?p=2746"},"modified":"2016-02-24T10:18:39","modified_gmt":"2016-02-24T13:18:39","slug":"horarios-dos-seminarios-de-pre-dissertacao","status":"publish","type":"post","link":"https:\/\/wp.ufpel.edu.br\/pgfisica\/2016\/02\/24\/horarios-dos-seminarios-de-pre-dissertacao\/","title":{"rendered":"Hor\u00e1rios dos Semin\u00e1rios de Pr\u00e9-Disserta\u00e7\u00e3o"},"content":{"rendered":"<p style=\"text-align: justify\"><a href=\"https:\/\/wp.ufpel.edu.br\/pgfisica\/files\/2016\/02\/horarios_pre_disserta_2016_1.jpg\"><img loading=\"lazy\" decoding=\"async\" data-attachment-id=\"2747\" data-permalink=\"https:\/\/wp.ufpel.edu.br\/pgfisica\/2016\/02\/24\/horarios-dos-seminarios-de-pre-dissertacao\/horarios_pre_disserta_2016_1\/\" data-orig-file=\"https:\/\/wp.ufpel.edu.br\/pgfisica\/files\/2016\/02\/horarios_pre_disserta_2016_1.jpg\" data-orig-size=\"873,507\" data-comments-opened=\"0\" data-image-meta=\"{&quot;aperture&quot;:&quot;0&quot;,&quot;credit&quot;:&quot;&quot;,&quot;camera&quot;:&quot;&quot;,&quot;caption&quot;:&quot;&quot;,&quot;created_timestamp&quot;:&quot;0&quot;,&quot;copyright&quot;:&quot;&quot;,&quot;focal_length&quot;:&quot;0&quot;,&quot;iso&quot;:&quot;0&quot;,&quot;shutter_speed&quot;:&quot;0&quot;,&quot;title&quot;:&quot;&quot;,&quot;orientation&quot;:&quot;0&quot;}\" data-image-title=\"\" data-image-description=\"\" data-image-caption=\"\" data-medium-file=\"https:\/\/wp.ufpel.edu.br\/pgfisica\/files\/2016\/02\/horarios_pre_disserta_2016_1-300x174.jpg\" data-large-file=\"https:\/\/wp.ufpel.edu.br\/pgfisica\/files\/2016\/02\/horarios_pre_disserta_2016_1.jpg\" class=\"size-medium wp-image-2747 alignleft\" alt=\"\" src=\"https:\/\/wp.ufpel.edu.br\/pgfisica\/files\/2016\/02\/horarios_pre_disserta_2016_1-300x174.jpg\" width=\"300\" height=\"174\" srcset=\"https:\/\/wp.ufpel.edu.br\/pgfisica\/files\/2016\/02\/horarios_pre_disserta_2016_1-300x174.jpg 300w, https:\/\/wp.ufpel.edu.br\/pgfisica\/files\/2016\/02\/horarios_pre_disserta_2016_1-768x446.jpg 768w, https:\/\/wp.ufpel.edu.br\/pgfisica\/files\/2016\/02\/horarios_pre_disserta_2016_1.jpg 873w\" sizes=\"auto, (max-width: 300px) 100vw, 300px\" \/><\/a>De <span style=\"color: #0000ff\"><strong>1 a 4 de mar\u00e7o<\/strong><\/span>, a partir das <span style=\"color: #0000ff\"><strong>10 horas na sala 416 do pr\u00e9dio 13<\/strong><\/span> do Departamento de F\u00edsica, teremos mais uma rodada de Semin\u00e1rios de Acompanhamento de 18 meses do Curso de Mestrado em F\u00edsica, conforme divulga\u00e7\u00e3o na figuar ao lado.<\/p>\n","protected":false},"excerpt":{"rendered":"<p>De 1 a 4 de mar\u00e7o, a partir das 10 horas na sala 416 do pr\u00e9dio 13 do Departamento de F\u00edsica, teremos mais uma rodada de Semin\u00e1rios de Acompanhamento de 18 meses do Curso de Mestrado em F\u00edsica, conforme divulga\u00e7\u00e3o na figuar ao lado.<\/p>\n","protected":false},"author":220,"featured_media":0,"comment_status":"open","ping_status":"closed","sticky":false,"template":"","format":"standard","meta":{"jetpack_post_was_ever_published":false,"_jetpack_newsletter_access":"","_jetpack_dont_email_post_to_subs":false,"_jetpack_newsletter_tier_id":0,"_jetpack_memberships_contains_paywalled_content":false,"_jetpack_memberships_contains_paid_content":false,"footnotes":"","jetpack_publicize_message":"","jetpack_publicize_feature_enabled":true,"jetpack_social_post_already_shared":false,"jetpack_social_options":{"image_generator_settings":{"template":"highway","default_image_id":0,"font":"","enabled":false},"version":2}},"categories":[20],"tags":[],"class_list":["post-2746","post","type-post","status-publish","format-standard","hentry","category-noticias"],"jetpack_publicize_connections":[],"jetpack_featured_media_url":"","jetpack_sharing_enabled":true,"jetpack_shortlink":"https:\/\/wp.me\/p94N8p-Ii","_links":{"self":[{"href":"https:\/\/wp.ufpel.edu.br\/pgfisica\/wp-json\/wp\/v2\/posts\/2746","targetHints":{"allow":["GET"]}}],"collection":[{"href":"https:\/\/wp.ufpel.edu.br\/pgfisica\/wp-json\/wp\/v2\/posts"}],"about":[{"href":"https:\/\/wp.ufpel.edu.br\/pgfisica\/wp-json\/wp\/v2\/types\/post"}],"author":[{"embeddable":true,"href":"https:\/\/wp.ufpel.edu.br\/pgfisica\/wp-json\/wp\/v2\/users\/220"}],"replies":[{"embeddable":true,"href":"https:\/\/wp.ufpel.edu.br\/pgfisica\/wp-json\/wp\/v2\/comments?post=2746"}],"version-history":[{"count":0,"href":"https:\/\/wp.ufpel.edu.br\/pgfisica\/wp-json\/wp\/v2\/posts\/2746\/revisions"}],"wp:attachment":[{"href":"https:\/\/wp.ufpel.edu.br\/pgfisica\/wp-json\/wp\/v2\/media?parent=2746"}],"wp:term":[{"taxonomy":"category","embeddable":true,"href":"https:\/\/wp.ufpel.edu.br\/pgfisica\/wp-json\/wp\/v2\/categories?post=2746"},{"taxonomy":"post_tag","embeddable":true,"href":"https:\/\/wp.ufpel.edu.br\/pgfisica\/wp-json\/wp\/v2\/tags?post=2746"}],"curies":[{"name":"wp","href":"https:\/\/api.w.org\/{rel}","templated":true}]}}