{"id":2727,"date":"2016-02-22T11:28:39","date_gmt":"2016-02-22T14:28:39","guid":{"rendered":"http:\/\/ifm.ufpel.edu.br\/pgfisica\/site\/?p=2727"},"modified":"2016-02-22T11:28:39","modified_gmt":"2016-02-22T14:28:39","slug":"seminario-de-dissertacao-de-mestrado-8","status":"publish","type":"post","link":"https:\/\/wp.ufpel.edu.br\/pgfisica\/2016\/02\/22\/seminario-de-dissertacao-de-mestrado-8\/","title":{"rendered":"Semin\u00e1rio de Disserta\u00e7\u00e3o de Mestrado: Edjan Alves da Silva"},"content":{"rendered":"<p style=\"text-align: justify\"><a href=\"https:\/\/wp.ufpel.edu.br\/pgfisica\/files\/2016\/02\/cartaz_Edjan.jpg\"><img loading=\"lazy\" decoding=\"async\" data-attachment-id=\"2728\" data-permalink=\"https:\/\/wp.ufpel.edu.br\/pgfisica\/2016\/02\/22\/seminario-de-dissertacao-de-mestrado-8\/cartaz_edjan\/\" data-orig-file=\"https:\/\/wp.ufpel.edu.br\/pgfisica\/files\/2016\/02\/cartaz_Edjan.jpg\" data-orig-size=\"954,640\" data-comments-opened=\"0\" data-image-meta=\"{&quot;aperture&quot;:&quot;0&quot;,&quot;credit&quot;:&quot;&quot;,&quot;camera&quot;:&quot;&quot;,&quot;caption&quot;:&quot;&quot;,&quot;created_timestamp&quot;:&quot;0&quot;,&quot;copyright&quot;:&quot;&quot;,&quot;focal_length&quot;:&quot;0&quot;,&quot;iso&quot;:&quot;0&quot;,&quot;shutter_speed&quot;:&quot;0&quot;,&quot;title&quot;:&quot;&quot;,&quot;orientation&quot;:&quot;0&quot;}\" data-image-title=\"\" data-image-description=\"\" data-image-caption=\"\" data-medium-file=\"https:\/\/wp.ufpel.edu.br\/pgfisica\/files\/2016\/02\/cartaz_Edjan-300x201.jpg\" data-large-file=\"https:\/\/wp.ufpel.edu.br\/pgfisica\/files\/2016\/02\/cartaz_Edjan.jpg\" class=\"size-medium wp-image-2728 alignleft\" alt=\"\" src=\"https:\/\/wp.ufpel.edu.br\/pgfisica\/files\/2016\/02\/cartaz_Edjan-300x201.jpg\" width=\"300\" height=\"201\" srcset=\"https:\/\/wp.ufpel.edu.br\/pgfisica\/files\/2016\/02\/cartaz_Edjan-300x201.jpg 300w, https:\/\/wp.ufpel.edu.br\/pgfisica\/files\/2016\/02\/cartaz_Edjan-768x515.jpg 768w, https:\/\/wp.ufpel.edu.br\/pgfisica\/files\/2016\/02\/cartaz_Edjan.jpg 954w\" sizes=\"auto, (max-width: 300px) 100vw, 300px\" \/><\/a>Nesta sexta-feira, <span style=\"color: #0000ff\"><strong>26 de fevereiro de 2016<\/strong><\/span>, teremos mais um semin\u00e1rio de Disserta\u00e7\u00e3o de Mestrado. O discente <span style=\"color: #0000ff\"><strong>Edjan Alves da Silva <\/strong><\/span>apresentar\u00e1 o trabalho \u201c<span style=\"color: #ff0000\"><em>S\u00edntese e caracteriza\u00e7\u00e3o de pent\u00f3xido de Van\u00e1dio (V<sub>2<\/sub>O<sub>5<\/sub>) dopado com \u00f3xido de Zinco (ZnO) para aplica\u00e7\u00e3o como c\u00e1todo para baterias de \u00edons de L\u00edtio<\/em><\/span>\u201c, desenvolvido sob a orienta\u00e7\u00e3o dos Profs. Douglas Langie da Silva e C\u00e9sar Ant\u00f4nio Oropesa Avallaneda (CDTEC-UFPel). O semin\u00e1rio acontecer\u00e1 a partir das 14:00, na sala 416 do pr\u00e9dio 13 do DF.<\/p>\n","protected":false},"excerpt":{"rendered":"<p>Nesta sexta-feira, 26 de fevereiro de 2016, teremos mais um semin\u00e1rio de Disserta\u00e7\u00e3o de Mestrado. O discente Edjan Alves da Silva apresentar\u00e1 o trabalho \u201cS\u00edntese e caracteriza\u00e7\u00e3o de pent\u00f3xido de Van\u00e1dio (V2O5) dopado com \u00f3xido de Zinco (ZnO) para aplica\u00e7\u00e3o como c\u00e1todo para baterias de \u00edons de L\u00edtio\u201c, desenvolvido sob a orienta\u00e7\u00e3o dos Profs. Douglas &hellip; <a href=\"https:\/\/wp.ufpel.edu.br\/pgfisica\/2016\/02\/22\/seminario-de-dissertacao-de-mestrado-8\/\" class=\"more-link\">Continue lendo <span class=\"screen-reader-text\">Semin\u00e1rio de Disserta\u00e7\u00e3o de Mestrado: Edjan Alves da Silva<\/span> <span class=\"meta-nav\">&rarr;<\/span><\/a><\/p>\n","protected":false},"author":220,"featured_media":0,"comment_status":"open","ping_status":"closed","sticky":false,"template":"","format":"standard","meta":{"jetpack_post_was_ever_published":false,"_jetpack_newsletter_access":"","_jetpack_dont_email_post_to_subs":false,"_jetpack_newsletter_tier_id":0,"_jetpack_memberships_contains_paywalled_content":false,"_jetpack_memberships_contains_paid_content":false,"footnotes":"","jetpack_publicize_message":"","jetpack_publicize_feature_enabled":true,"jetpack_social_post_already_shared":false,"jetpack_social_options":{"image_generator_settings":{"template":"highway","default_image_id":0,"font":"","enabled":false},"version":2}},"categories":[20],"tags":[],"class_list":["post-2727","post","type-post","status-publish","format-standard","hentry","category-noticias"],"jetpack_publicize_connections":[],"jetpack_featured_media_url":"","jetpack_sharing_enabled":true,"jetpack_shortlink":"https:\/\/wp.me\/p94N8p-HZ","_links":{"self":[{"href":"https:\/\/wp.ufpel.edu.br\/pgfisica\/wp-json\/wp\/v2\/posts\/2727","targetHints":{"allow":["GET"]}}],"collection":[{"href":"https:\/\/wp.ufpel.edu.br\/pgfisica\/wp-json\/wp\/v2\/posts"}],"about":[{"href":"https:\/\/wp.ufpel.edu.br\/pgfisica\/wp-json\/wp\/v2\/types\/post"}],"author":[{"embeddable":true,"href":"https:\/\/wp.ufpel.edu.br\/pgfisica\/wp-json\/wp\/v2\/users\/220"}],"replies":[{"embeddable":true,"href":"https:\/\/wp.ufpel.edu.br\/pgfisica\/wp-json\/wp\/v2\/comments?post=2727"}],"version-history":[{"count":0,"href":"https:\/\/wp.ufpel.edu.br\/pgfisica\/wp-json\/wp\/v2\/posts\/2727\/revisions"}],"wp:attachment":[{"href":"https:\/\/wp.ufpel.edu.br\/pgfisica\/wp-json\/wp\/v2\/media?parent=2727"}],"wp:term":[{"taxonomy":"category","embeddable":true,"href":"https:\/\/wp.ufpel.edu.br\/pgfisica\/wp-json\/wp\/v2\/categories?post=2727"},{"taxonomy":"post_tag","embeddable":true,"href":"https:\/\/wp.ufpel.edu.br\/pgfisica\/wp-json\/wp\/v2\/tags?post=2727"}],"curies":[{"name":"wp","href":"https:\/\/api.w.org\/{rel}","templated":true}]}}