{"id":2707,"date":"2016-02-17T13:34:32","date_gmt":"2016-02-17T16:34:32","guid":{"rendered":"http:\/\/ifm.ufpel.edu.br\/pgfisica\/site\/?p=2707"},"modified":"2016-02-17T13:34:32","modified_gmt":"2016-02-17T16:34:32","slug":"seminario-de-dissertacao-de-mestrado-6","status":"publish","type":"post","link":"https:\/\/wp.ufpel.edu.br\/pgfisica\/2016\/02\/17\/seminario-de-dissertacao-de-mestrado-6\/","title":{"rendered":"Semin\u00e1rio de Disserta\u00e7\u00e3o de Mestrado: Krys Elly de Ara\u00fajo Batista"},"content":{"rendered":"<p style=\"text-align: justify\"><a href=\"https:\/\/wp.ufpel.edu.br\/pgfisica\/files\/2016\/02\/cartaz_Krys.jpg\"><img loading=\"lazy\" decoding=\"async\" data-attachment-id=\"2708\" data-permalink=\"https:\/\/wp.ufpel.edu.br\/pgfisica\/2016\/02\/17\/seminario-de-dissertacao-de-mestrado-6\/cartaz_krys\/\" data-orig-file=\"https:\/\/wp.ufpel.edu.br\/pgfisica\/files\/2016\/02\/cartaz_Krys.jpg\" data-orig-size=\"988,656\" data-comments-opened=\"0\" data-image-meta=\"{&quot;aperture&quot;:&quot;0&quot;,&quot;credit&quot;:&quot;&quot;,&quot;camera&quot;:&quot;&quot;,&quot;caption&quot;:&quot;&quot;,&quot;created_timestamp&quot;:&quot;0&quot;,&quot;copyright&quot;:&quot;&quot;,&quot;focal_length&quot;:&quot;0&quot;,&quot;iso&quot;:&quot;0&quot;,&quot;shutter_speed&quot;:&quot;0&quot;,&quot;title&quot;:&quot;&quot;,&quot;orientation&quot;:&quot;0&quot;}\" data-image-title=\"\" data-image-description=\"\" data-image-caption=\"\" data-medium-file=\"https:\/\/wp.ufpel.edu.br\/pgfisica\/files\/2016\/02\/cartaz_Krys-300x199.jpg\" data-large-file=\"https:\/\/wp.ufpel.edu.br\/pgfisica\/files\/2016\/02\/cartaz_Krys.jpg\" class=\"size-medium wp-image-2708 alignleft\" alt=\"\" src=\"https:\/\/wp.ufpel.edu.br\/pgfisica\/files\/2016\/02\/cartaz_Krys-300x199.jpg\" width=\"300\" height=\"199\" srcset=\"https:\/\/wp.ufpel.edu.br\/pgfisica\/files\/2016\/02\/cartaz_Krys-300x199.jpg 300w, https:\/\/wp.ufpel.edu.br\/pgfisica\/files\/2016\/02\/cartaz_Krys-768x510.jpg 768w, https:\/\/wp.ufpel.edu.br\/pgfisica\/files\/2016\/02\/cartaz_Krys.jpg 988w\" sizes=\"auto, (max-width: 300px) 100vw, 300px\" \/><\/a>Nesta ter\u00e7a-feira, <span style=\"color: #0000ff\"><strong>19 de fevereiro de 2016<\/strong><\/span>, teremos mais um semin\u00e1rio de Disserta\u00e7\u00e3o de Mestrado. A discente <span style=\"color: #0000ff\"><strong>Krys Elly de Ara\u00fajo Batista<\/strong><\/span> apresentar\u00e1 o trabalho \u201c<span style=\"color: #ff0000\"><em>Estudo de nanopart\u00edculas bimet\u00e1licas de metais de transi\u00e7\u00e3o com 55 \u00e1tomos: Pt em combina\u00e7\u00e3o com Y-Tc via teoria do funcional da densidade<\/em><\/span>\u201c, desenvolvido sob a orienta\u00e7\u00e3o do Prof. Maur\u00edcio Jeomar Piotrowski. O semin\u00e1rio acontecer\u00e1 a partir das 10:00, na sala 416 do pr\u00e9dio 13 do DF.<\/p>\n","protected":false},"excerpt":{"rendered":"<p>Nesta ter\u00e7a-feira, 19 de fevereiro de 2016, teremos mais um semin\u00e1rio de Disserta\u00e7\u00e3o de Mestrado. A discente Krys Elly de Ara\u00fajo Batista apresentar\u00e1 o trabalho \u201cEstudo de nanopart\u00edculas bimet\u00e1licas de metais de transi\u00e7\u00e3o com 55 \u00e1tomos: Pt em combina\u00e7\u00e3o com Y-Tc via teoria do funcional da densidade\u201c, desenvolvido sob a orienta\u00e7\u00e3o do Prof. Maur\u00edcio Jeomar &hellip; <a href=\"https:\/\/wp.ufpel.edu.br\/pgfisica\/2016\/02\/17\/seminario-de-dissertacao-de-mestrado-6\/\" class=\"more-link\">Continue lendo <span class=\"screen-reader-text\">Semin\u00e1rio de Disserta\u00e7\u00e3o de Mestrado: Krys Elly de Ara\u00fajo Batista<\/span> <span class=\"meta-nav\">&rarr;<\/span><\/a><\/p>\n","protected":false},"author":220,"featured_media":0,"comment_status":"open","ping_status":"closed","sticky":false,"template":"","format":"standard","meta":{"jetpack_post_was_ever_published":false,"_jetpack_newsletter_access":"","_jetpack_dont_email_post_to_subs":false,"_jetpack_newsletter_tier_id":0,"_jetpack_memberships_contains_paywalled_content":false,"_jetpack_memberships_contains_paid_content":false,"footnotes":"","jetpack_publicize_message":"","jetpack_publicize_feature_enabled":true,"jetpack_social_post_already_shared":false,"jetpack_social_options":{"image_generator_settings":{"template":"highway","default_image_id":0,"font":"","enabled":false},"version":2}},"categories":[20],"tags":[],"class_list":["post-2707","post","type-post","status-publish","format-standard","hentry","category-noticias"],"jetpack_publicize_connections":[],"jetpack_featured_media_url":"","jetpack_sharing_enabled":true,"jetpack_shortlink":"https:\/\/wp.me\/p94N8p-HF","_links":{"self":[{"href":"https:\/\/wp.ufpel.edu.br\/pgfisica\/wp-json\/wp\/v2\/posts\/2707","targetHints":{"allow":["GET"]}}],"collection":[{"href":"https:\/\/wp.ufpel.edu.br\/pgfisica\/wp-json\/wp\/v2\/posts"}],"about":[{"href":"https:\/\/wp.ufpel.edu.br\/pgfisica\/wp-json\/wp\/v2\/types\/post"}],"author":[{"embeddable":true,"href":"https:\/\/wp.ufpel.edu.br\/pgfisica\/wp-json\/wp\/v2\/users\/220"}],"replies":[{"embeddable":true,"href":"https:\/\/wp.ufpel.edu.br\/pgfisica\/wp-json\/wp\/v2\/comments?post=2707"}],"version-history":[{"count":0,"href":"https:\/\/wp.ufpel.edu.br\/pgfisica\/wp-json\/wp\/v2\/posts\/2707\/revisions"}],"wp:attachment":[{"href":"https:\/\/wp.ufpel.edu.br\/pgfisica\/wp-json\/wp\/v2\/media?parent=2707"}],"wp:term":[{"taxonomy":"category","embeddable":true,"href":"https:\/\/wp.ufpel.edu.br\/pgfisica\/wp-json\/wp\/v2\/categories?post=2707"},{"taxonomy":"post_tag","embeddable":true,"href":"https:\/\/wp.ufpel.edu.br\/pgfisica\/wp-json\/wp\/v2\/tags?post=2707"}],"curies":[{"name":"wp","href":"https:\/\/api.w.org\/{rel}","templated":true}]}}