{"id":2650,"date":"2015-12-03T13:09:33","date_gmt":"2015-12-03T16:09:33","guid":{"rendered":"http:\/\/ifm.ufpel.edu.br\/pgfisica\/site\/?p=2650"},"modified":"2015-12-03T13:09:33","modified_gmt":"2015-12-03T16:09:33","slug":"seminarios-de-acompanhamento-de-18-meses-3","status":"publish","type":"post","link":"https:\/\/wp.ufpel.edu.br\/pgfisica\/2015\/12\/03\/seminarios-de-acompanhamento-de-18-meses-3\/","title":{"rendered":"Semin\u00e1rios de Acompanhamento de 18 meses"},"content":{"rendered":"<p style=\"text-align: justify\"><a href=\"https:\/\/wp.ufpel.edu.br\/pgfisica\/files\/2015\/12\/seminarios18meses_201601.jpg\"><img loading=\"lazy\" decoding=\"async\" data-attachment-id=\"2651\" data-permalink=\"https:\/\/wp.ufpel.edu.br\/pgfisica\/2015\/12\/03\/seminarios-de-acompanhamento-de-18-meses-3\/seminarios18meses_201601\/\" data-orig-file=\"https:\/\/wp.ufpel.edu.br\/pgfisica\/files\/2015\/12\/seminarios18meses_201601.jpg\" data-orig-size=\"989,982\" data-comments-opened=\"0\" data-image-meta=\"{&quot;aperture&quot;:&quot;0&quot;,&quot;credit&quot;:&quot;&quot;,&quot;camera&quot;:&quot;&quot;,&quot;caption&quot;:&quot;&quot;,&quot;created_timestamp&quot;:&quot;0&quot;,&quot;copyright&quot;:&quot;&quot;,&quot;focal_length&quot;:&quot;0&quot;,&quot;iso&quot;:&quot;0&quot;,&quot;shutter_speed&quot;:&quot;0&quot;,&quot;title&quot;:&quot;&quot;,&quot;orientation&quot;:&quot;0&quot;}\" data-image-title=\"\" data-image-description=\"\" data-image-caption=\"\" data-medium-file=\"https:\/\/wp.ufpel.edu.br\/pgfisica\/files\/2015\/12\/seminarios18meses_201601-300x298.jpg\" data-large-file=\"https:\/\/wp.ufpel.edu.br\/pgfisica\/files\/2015\/12\/seminarios18meses_201601.jpg\" class=\"size-medium wp-image-2651 alignleft\" alt=\"\" src=\"https:\/\/wp.ufpel.edu.br\/pgfisica\/files\/2015\/12\/seminarios18meses_201601-300x298.jpg\" width=\"300\" height=\"298\" srcset=\"https:\/\/wp.ufpel.edu.br\/pgfisica\/files\/2015\/12\/seminarios18meses_201601-300x298.jpg 300w, https:\/\/wp.ufpel.edu.br\/pgfisica\/files\/2015\/12\/seminarios18meses_201601-150x150.jpg 150w, https:\/\/wp.ufpel.edu.br\/pgfisica\/files\/2015\/12\/seminarios18meses_201601-768x763.jpg 768w, https:\/\/wp.ufpel.edu.br\/pgfisica\/files\/2015\/12\/seminarios18meses_201601.jpg 989w\" sizes=\"auto, (max-width: 300px) 100vw, 300px\" \/><\/a>Os semin\u00e1rios de acompanhamento de 18 meses do Curso de Mestrado em F\u00edsica acontecer\u00e3o no per\u00edodo de 01 a 04 de mar\u00e7o de 2016. Os discentes listados para a apresenta\u00e7\u00e3o s\u00e3o: Heleon\u00edsia A. V. Moreira, Jardel Nogueira Silva, Jean Torres Reis e Milene Ribeiro Bueno. Maiores informa\u00e7\u00f5es na figura ao lado e no <a href=\"https:\/\/wp.ufpel.edu.br\/pgfisica\/files\/2015\/02\/comunicado_estudantes.pdf\" target=\"_blank\">comunicado de 17\/11\/2011<\/a>.<\/p>\n","protected":false},"excerpt":{"rendered":"<p>Os semin\u00e1rios de acompanhamento de 18 meses do Curso de Mestrado em F\u00edsica acontecer\u00e3o no per\u00edodo de 01 a 04 de mar\u00e7o de 2016. Os discentes listados para a apresenta\u00e7\u00e3o s\u00e3o: Heleon\u00edsia A. V. Moreira, Jardel Nogueira Silva, Jean Torres Reis e Milene Ribeiro Bueno. Maiores informa\u00e7\u00f5es na figura ao lado e no comunicado de &hellip; <a href=\"https:\/\/wp.ufpel.edu.br\/pgfisica\/2015\/12\/03\/seminarios-de-acompanhamento-de-18-meses-3\/\" class=\"more-link\">Continue lendo <span class=\"screen-reader-text\">Semin\u00e1rios de Acompanhamento de 18 meses<\/span> <span class=\"meta-nav\">&rarr;<\/span><\/a><\/p>\n","protected":false},"author":220,"featured_media":0,"comment_status":"open","ping_status":"closed","sticky":false,"template":"","format":"standard","meta":{"jetpack_post_was_ever_published":false,"_jetpack_newsletter_access":"","_jetpack_dont_email_post_to_subs":false,"_jetpack_newsletter_tier_id":0,"_jetpack_memberships_contains_paywalled_content":false,"_jetpack_memberships_contains_paid_content":false,"footnotes":"","jetpack_publicize_message":"","jetpack_publicize_feature_enabled":true,"jetpack_social_post_already_shared":false,"jetpack_social_options":{"image_generator_settings":{"template":"highway","default_image_id":0,"font":"","enabled":false},"version":2}},"categories":[20],"tags":[],"class_list":["post-2650","post","type-post","status-publish","format-standard","hentry","category-noticias"],"jetpack_publicize_connections":[],"jetpack_featured_media_url":"","jetpack_sharing_enabled":true,"jetpack_shortlink":"https:\/\/wp.me\/p94N8p-GK","_links":{"self":[{"href":"https:\/\/wp.ufpel.edu.br\/pgfisica\/wp-json\/wp\/v2\/posts\/2650","targetHints":{"allow":["GET"]}}],"collection":[{"href":"https:\/\/wp.ufpel.edu.br\/pgfisica\/wp-json\/wp\/v2\/posts"}],"about":[{"href":"https:\/\/wp.ufpel.edu.br\/pgfisica\/wp-json\/wp\/v2\/types\/post"}],"author":[{"embeddable":true,"href":"https:\/\/wp.ufpel.edu.br\/pgfisica\/wp-json\/wp\/v2\/users\/220"}],"replies":[{"embeddable":true,"href":"https:\/\/wp.ufpel.edu.br\/pgfisica\/wp-json\/wp\/v2\/comments?post=2650"}],"version-history":[{"count":0,"href":"https:\/\/wp.ufpel.edu.br\/pgfisica\/wp-json\/wp\/v2\/posts\/2650\/revisions"}],"wp:attachment":[{"href":"https:\/\/wp.ufpel.edu.br\/pgfisica\/wp-json\/wp\/v2\/media?parent=2650"}],"wp:term":[{"taxonomy":"category","embeddable":true,"href":"https:\/\/wp.ufpel.edu.br\/pgfisica\/wp-json\/wp\/v2\/categories?post=2650"},{"taxonomy":"post_tag","embeddable":true,"href":"https:\/\/wp.ufpel.edu.br\/pgfisica\/wp-json\/wp\/v2\/tags?post=2650"}],"curies":[{"name":"wp","href":"https:\/\/api.w.org\/{rel}","templated":true}]}}