{"id":2628,"date":"2015-10-19T10:51:19","date_gmt":"2015-10-19T13:51:19","guid":{"rendered":"http:\/\/ifm.ufpel.edu.br\/pgfisica\/site\/?p=2628"},"modified":"2015-10-19T10:51:19","modified_gmt":"2015-10-19T13:51:19","slug":"edital-de-selecao-para-o-mestrado-201601","status":"publish","type":"post","link":"https:\/\/wp.ufpel.edu.br\/pgfisica\/2015\/10\/19\/edital-de-selecao-para-o-mestrado-201601\/","title":{"rendered":"Edital de Sele\u00e7\u00e3o para o Mestrado 2016\/01"},"content":{"rendered":"<p><a href=\"https:\/\/wp.ufpel.edu.br\/pgfisica\/files\/2015\/10\/edital20161.jpg\"><img loading=\"lazy\" decoding=\"async\" data-attachment-id=\"2629\" data-permalink=\"https:\/\/wp.ufpel.edu.br\/pgfisica\/2015\/10\/19\/edital-de-selecao-para-o-mestrado-201601\/edital20161\/\" data-orig-file=\"https:\/\/wp.ufpel.edu.br\/pgfisica\/files\/2015\/10\/edital20161.jpg\" data-orig-size=\"967,1496\" data-comments-opened=\"0\" data-image-meta=\"{&quot;aperture&quot;:&quot;0&quot;,&quot;credit&quot;:&quot;&quot;,&quot;camera&quot;:&quot;&quot;,&quot;caption&quot;:&quot;&quot;,&quot;created_timestamp&quot;:&quot;0&quot;,&quot;copyright&quot;:&quot;&quot;,&quot;focal_length&quot;:&quot;0&quot;,&quot;iso&quot;:&quot;0&quot;,&quot;shutter_speed&quot;:&quot;0&quot;,&quot;title&quot;:&quot;&quot;,&quot;orientation&quot;:&quot;0&quot;}\" data-image-title=\"\" data-image-description=\"\" data-image-caption=\"\" data-medium-file=\"https:\/\/wp.ufpel.edu.br\/pgfisica\/files\/2015\/10\/edital20161-194x300.jpg\" data-large-file=\"https:\/\/wp.ufpel.edu.br\/pgfisica\/files\/2015\/10\/edital20161-662x1024.jpg\" class=\"size-medium wp-image-2629 alignleft\" alt=\"\" src=\"https:\/\/wp.ufpel.edu.br\/pgfisica\/files\/2015\/10\/edital20161-193x300.jpg\" width=\"103\" height=\"161\" \/><\/a> Est\u00e3o abertas as <span style=\"color: #0000ff\"><strong>inscri\u00e7\u00f5es<\/strong><\/span> para a sele\u00e7\u00e3o do <span style=\"color: #0000ff\"><strong>Mestrado em F\u00edsica<\/strong><\/span> da UFPel, no per\u00edodo de <span style=\"color: #0000ff\"><strong>19 de outubro a 16 de dezembro de 2015<\/strong><\/span>.Para esta sele\u00e7\u00e3o s\u00e3o ofertadas 6 vagas, nas seguintes linhas de pesquisa:<\/p>\n<ol>\n<li>\n<p>F\u00edsica da Mat\u00e9ria Condensada (te\u00f3rica e experimental)<\/p>\n<\/li>\n<li>\n<p>F\u00edsica de Part\u00edculas e H\u00e1drons<\/p>\n<\/li>\n<li>\n<p>F\u00edsica dos Plasmas<\/p>\n<\/li>\n<\/ol>\n<p>O edital completo pode ser encontrado <a href=\"https:\/\/wp.ufpel.edu.br\/pgfisica\/files\/2015\/10\/edital_fisica_20161.pdf\" target=\"_blank\">aqui<\/a>.<\/p>\n","protected":false},"excerpt":{"rendered":"<p>Est\u00e3o abertas as inscri\u00e7\u00f5es para a sele\u00e7\u00e3o do Mestrado em F\u00edsica da UFPel, no per\u00edodo de 19 de outubro a 16 de dezembro de 2015.Para esta sele\u00e7\u00e3o s\u00e3o ofertadas 6 vagas, nas seguintes linhas de pesquisa: F\u00edsica da Mat\u00e9ria Condensada (te\u00f3rica e experimental) F\u00edsica de Part\u00edculas e H\u00e1drons F\u00edsica dos Plasmas O edital completo pode &hellip; <a href=\"https:\/\/wp.ufpel.edu.br\/pgfisica\/2015\/10\/19\/edital-de-selecao-para-o-mestrado-201601\/\" class=\"more-link\">Continue lendo <span class=\"screen-reader-text\">Edital de Sele\u00e7\u00e3o para o Mestrado 2016\/01<\/span> <span class=\"meta-nav\">&rarr;<\/span><\/a><\/p>\n","protected":false},"author":220,"featured_media":0,"comment_status":"open","ping_status":"closed","sticky":false,"template":"","format":"standard","meta":{"jetpack_post_was_ever_published":false,"_jetpack_newsletter_access":"","_jetpack_dont_email_post_to_subs":false,"_jetpack_newsletter_tier_id":0,"_jetpack_memberships_contains_paywalled_content":false,"_jetpack_memberships_contains_paid_content":false,"footnotes":"","jetpack_publicize_message":"","jetpack_publicize_feature_enabled":true,"jetpack_social_post_already_shared":false,"jetpack_social_options":{"image_generator_settings":{"template":"highway","default_image_id":0,"font":"","enabled":false},"version":2}},"categories":[20],"tags":[],"class_list":["post-2628","post","type-post","status-publish","format-standard","hentry","category-noticias"],"jetpack_publicize_connections":[],"jetpack_featured_media_url":"","jetpack_sharing_enabled":true,"jetpack_shortlink":"https:\/\/wp.me\/p94N8p-Go","_links":{"self":[{"href":"https:\/\/wp.ufpel.edu.br\/pgfisica\/wp-json\/wp\/v2\/posts\/2628","targetHints":{"allow":["GET"]}}],"collection":[{"href":"https:\/\/wp.ufpel.edu.br\/pgfisica\/wp-json\/wp\/v2\/posts"}],"about":[{"href":"https:\/\/wp.ufpel.edu.br\/pgfisica\/wp-json\/wp\/v2\/types\/post"}],"author":[{"embeddable":true,"href":"https:\/\/wp.ufpel.edu.br\/pgfisica\/wp-json\/wp\/v2\/users\/220"}],"replies":[{"embeddable":true,"href":"https:\/\/wp.ufpel.edu.br\/pgfisica\/wp-json\/wp\/v2\/comments?post=2628"}],"version-history":[{"count":0,"href":"https:\/\/wp.ufpel.edu.br\/pgfisica\/wp-json\/wp\/v2\/posts\/2628\/revisions"}],"wp:attachment":[{"href":"https:\/\/wp.ufpel.edu.br\/pgfisica\/wp-json\/wp\/v2\/media?parent=2628"}],"wp:term":[{"taxonomy":"category","embeddable":true,"href":"https:\/\/wp.ufpel.edu.br\/pgfisica\/wp-json\/wp\/v2\/categories?post=2628"},{"taxonomy":"post_tag","embeddable":true,"href":"https:\/\/wp.ufpel.edu.br\/pgfisica\/wp-json\/wp\/v2\/tags?post=2628"}],"curies":[{"name":"wp","href":"https:\/\/api.w.org\/{rel}","templated":true}]}}