{"id":2613,"date":"2015-09-25T16:30:59","date_gmt":"2015-09-25T19:30:59","guid":{"rendered":"http:\/\/ifm.ufpel.edu.br\/pgfisica\/site\/?p=2613"},"modified":"2015-09-25T16:30:59","modified_gmt":"2015-09-25T19:30:59","slug":"seminario-de-dissertacao-de-evelin-da-luz-garcia","status":"publish","type":"post","link":"https:\/\/wp.ufpel.edu.br\/pgfisica\/2015\/09\/25\/seminario-de-dissertacao-de-evelin-da-luz-garcia\/","title":{"rendered":"Semin\u00e1rio de Disserta\u00e7\u00e3o de Evelin da Luz Garcia"},"content":{"rendered":"<p style=\"text-align: justify\"><a href=\"https:\/\/wp.ufpel.edu.br\/pgfisica\/files\/2015\/09\/cartaz_semina.jpg\"><img loading=\"lazy\" decoding=\"async\" data-attachment-id=\"2614\" data-permalink=\"https:\/\/wp.ufpel.edu.br\/pgfisica\/2015\/09\/25\/seminario-de-dissertacao-de-evelin-da-luz-garcia\/cartaz_semina-2\/\" data-orig-file=\"https:\/\/wp.ufpel.edu.br\/pgfisica\/files\/2015\/09\/cartaz_semina.jpg\" data-orig-size=\"964,635\" data-comments-opened=\"0\" data-image-meta=\"{&quot;aperture&quot;:&quot;0&quot;,&quot;credit&quot;:&quot;&quot;,&quot;camera&quot;:&quot;&quot;,&quot;caption&quot;:&quot;&quot;,&quot;created_timestamp&quot;:&quot;0&quot;,&quot;copyright&quot;:&quot;&quot;,&quot;focal_length&quot;:&quot;0&quot;,&quot;iso&quot;:&quot;0&quot;,&quot;shutter_speed&quot;:&quot;0&quot;,&quot;title&quot;:&quot;&quot;,&quot;orientation&quot;:&quot;0&quot;}\" data-image-title=\"\" data-image-description=\"\" data-image-caption=\"\" data-medium-file=\"https:\/\/wp.ufpel.edu.br\/pgfisica\/files\/2015\/09\/cartaz_semina-300x198.jpg\" data-large-file=\"https:\/\/wp.ufpel.edu.br\/pgfisica\/files\/2015\/09\/cartaz_semina.jpg\" class=\"size-medium wp-image-2614 alignleft\" alt=\"\" src=\"https:\/\/wp.ufpel.edu.br\/pgfisica\/files\/2015\/09\/cartaz_semina-300x198.jpg\" width=\"300\" height=\"198\" srcset=\"https:\/\/wp.ufpel.edu.br\/pgfisica\/files\/2015\/09\/cartaz_semina-300x198.jpg 300w, https:\/\/wp.ufpel.edu.br\/pgfisica\/files\/2015\/09\/cartaz_semina-768x506.jpg 768w, https:\/\/wp.ufpel.edu.br\/pgfisica\/files\/2015\/09\/cartaz_semina.jpg 964w\" sizes=\"auto, (max-width: 300px) 100vw, 300px\" \/><\/a>Nesta segunda-feira, <span style=\"color: #0000ff\">28 de setembro de 2015<\/span>, teremos mais um semin\u00e1rio de Disserta\u00e7\u00e3o de Mestrado. A discente <span style=\"color: #0000ff\"><strong>Evelin da Luz Garcia<\/strong><\/span> apresentar\u00e1 o trabalho <span style=\"color: #ff0000\">&#8220;<em>Estudo da relaxa\u00e7\u00e3o magn\u00e9tica em su\u00e9rcondutores de YBa<sub>2<\/sub>Cu<sub>3<\/sub>O<sub>7-\u03b4<\/sub> que exibem o efeito Meissner paramagn\u00e9tico<\/em><\/span><span style=\"color: #ff0000\">&#8220;<\/span>, desenvolvido sob a orienta\u00e7\u00e3o do Prof. F\u00e1bio Teixeria Dias. O semin\u00e1rio acontecer\u00e1 a partir das 14:00, na sala 416 do pr\u00e9dio 13 do DF.<\/p>\n","protected":false},"excerpt":{"rendered":"<p>Nesta segunda-feira, 28 de setembro de 2015, teremos mais um semin\u00e1rio de Disserta\u00e7\u00e3o de Mestrado. A discente Evelin da Luz Garcia apresentar\u00e1 o trabalho &#8220;Estudo da relaxa\u00e7\u00e3o magn\u00e9tica em su\u00e9rcondutores de YBa2Cu3O7-\u03b4 que exibem o efeito Meissner paramagn\u00e9tico&#8220;, desenvolvido sob a orienta\u00e7\u00e3o do Prof. F\u00e1bio Teixeria Dias. O semin\u00e1rio acontecer\u00e1 a partir das 14:00, na &hellip; <a href=\"https:\/\/wp.ufpel.edu.br\/pgfisica\/2015\/09\/25\/seminario-de-dissertacao-de-evelin-da-luz-garcia\/\" class=\"more-link\">Continue lendo <span class=\"screen-reader-text\">Semin\u00e1rio de Disserta\u00e7\u00e3o de Evelin da Luz Garcia<\/span> <span class=\"meta-nav\">&rarr;<\/span><\/a><\/p>\n","protected":false},"author":220,"featured_media":0,"comment_status":"open","ping_status":"closed","sticky":false,"template":"","format":"standard","meta":{"jetpack_post_was_ever_published":false,"_jetpack_newsletter_access":"","_jetpack_dont_email_post_to_subs":false,"_jetpack_newsletter_tier_id":0,"_jetpack_memberships_contains_paywalled_content":false,"_jetpack_memberships_contains_paid_content":false,"footnotes":"","jetpack_publicize_message":"","jetpack_publicize_feature_enabled":true,"jetpack_social_post_already_shared":false,"jetpack_social_options":{"image_generator_settings":{"template":"highway","default_image_id":0,"font":"","enabled":false},"version":2}},"categories":[20],"tags":[],"class_list":["post-2613","post","type-post","status-publish","format-standard","hentry","category-noticias"],"jetpack_publicize_connections":[],"jetpack_featured_media_url":"","jetpack_sharing_enabled":true,"jetpack_shortlink":"https:\/\/wp.me\/p94N8p-G9","_links":{"self":[{"href":"https:\/\/wp.ufpel.edu.br\/pgfisica\/wp-json\/wp\/v2\/posts\/2613","targetHints":{"allow":["GET"]}}],"collection":[{"href":"https:\/\/wp.ufpel.edu.br\/pgfisica\/wp-json\/wp\/v2\/posts"}],"about":[{"href":"https:\/\/wp.ufpel.edu.br\/pgfisica\/wp-json\/wp\/v2\/types\/post"}],"author":[{"embeddable":true,"href":"https:\/\/wp.ufpel.edu.br\/pgfisica\/wp-json\/wp\/v2\/users\/220"}],"replies":[{"embeddable":true,"href":"https:\/\/wp.ufpel.edu.br\/pgfisica\/wp-json\/wp\/v2\/comments?post=2613"}],"version-history":[{"count":0,"href":"https:\/\/wp.ufpel.edu.br\/pgfisica\/wp-json\/wp\/v2\/posts\/2613\/revisions"}],"wp:attachment":[{"href":"https:\/\/wp.ufpel.edu.br\/pgfisica\/wp-json\/wp\/v2\/media?parent=2613"}],"wp:term":[{"taxonomy":"category","embeddable":true,"href":"https:\/\/wp.ufpel.edu.br\/pgfisica\/wp-json\/wp\/v2\/categories?post=2613"},{"taxonomy":"post_tag","embeddable":true,"href":"https:\/\/wp.ufpel.edu.br\/pgfisica\/wp-json\/wp\/v2\/tags?post=2613"}],"curies":[{"name":"wp","href":"https:\/\/api.w.org\/{rel}","templated":true}]}}