{"id":2595,"date":"2015-08-03T15:19:13","date_gmt":"2015-08-03T18:19:13","guid":{"rendered":"http:\/\/ifm.ufpel.edu.br\/pgfisica\/site\/?p=2595"},"modified":"2015-08-03T15:19:13","modified_gmt":"2015-08-03T18:19:13","slug":"seminarios-de-acompanhamento-de-18-meses-2","status":"publish","type":"post","link":"https:\/\/wp.ufpel.edu.br\/pgfisica\/2015\/08\/03\/seminarios-de-acompanhamento-de-18-meses-2\/","title":{"rendered":"Semin\u00e1rios de Acompanhamento de 18 meses"},"content":{"rendered":"<p style=\"text-align: justify\"><a href=\"https:\/\/wp.ufpel.edu.br\/pgfisica\/files\/2015\/08\/seminarios18meses_201502.jpg\"><img loading=\"lazy\" decoding=\"async\" data-attachment-id=\"2596\" data-permalink=\"https:\/\/wp.ufpel.edu.br\/pgfisica\/2015\/08\/03\/seminarios-de-acompanhamento-de-18-meses-2\/seminarios18meses_201502\/\" data-orig-file=\"https:\/\/wp.ufpel.edu.br\/pgfisica\/files\/2015\/08\/seminarios18meses_201502.jpg\" data-orig-size=\"1010,1184\" data-comments-opened=\"0\" data-image-meta=\"{&quot;aperture&quot;:&quot;0&quot;,&quot;credit&quot;:&quot;&quot;,&quot;camera&quot;:&quot;&quot;,&quot;caption&quot;:&quot;&quot;,&quot;created_timestamp&quot;:&quot;0&quot;,&quot;copyright&quot;:&quot;&quot;,&quot;focal_length&quot;:&quot;0&quot;,&quot;iso&quot;:&quot;0&quot;,&quot;shutter_speed&quot;:&quot;0&quot;,&quot;title&quot;:&quot;&quot;,&quot;orientation&quot;:&quot;0&quot;}\" data-image-title=\"\" data-image-description=\"\" data-image-caption=\"\" data-medium-file=\"https:\/\/wp.ufpel.edu.br\/pgfisica\/files\/2015\/08\/seminarios18meses_201502-256x300.jpg\" data-large-file=\"https:\/\/wp.ufpel.edu.br\/pgfisica\/files\/2015\/08\/seminarios18meses_201502-874x1024.jpg\" class=\"size-medium wp-image-2596 alignleft\" alt=\"\" src=\"https:\/\/wp.ufpel.edu.br\/pgfisica\/files\/2015\/08\/seminarios18meses_201502-255x300.jpg\" width=\"163\" height=\"191\" \/><\/a>Os semin\u00e1rios de acompanhamento de 18 meses do Curso de Mestrado em F\u00edsica acontecer\u00e3o no per\u00edodo de 08 a 10 de setembro de 2015. Os discentes listados para a apresenta\u00e7\u00e3o s\u00e3o: Edgar Yubert H. Paitan, Edjan Alves da Silva, Elton Alves de Moura, Karlisson Rodrigo A. Sousa, Krys Elly de Ara\u00fajo Batista e Vanessa Delfino Kegler. Maiores informa\u00e7\u00f5es na figura ao lado e no <a href=\"https:\/\/wp.ufpel.edu.br\/pgfisica\/files\/2015\/02\/comunicado_estudantes.pdf\" target=\"_blank\">comunicado de 17\/11\/2011<\/a>.<\/p>\n","protected":false},"excerpt":{"rendered":"<p>Os semin\u00e1rios de acompanhamento de 18 meses do Curso de Mestrado em F\u00edsica acontecer\u00e3o no per\u00edodo de 08 a 10 de setembro de 2015. Os discentes listados para a apresenta\u00e7\u00e3o s\u00e3o: Edgar Yubert H. Paitan, Edjan Alves da Silva, Elton Alves de Moura, Karlisson Rodrigo A. Sousa, Krys Elly de Ara\u00fajo Batista e Vanessa Delfino &hellip; <a href=\"https:\/\/wp.ufpel.edu.br\/pgfisica\/2015\/08\/03\/seminarios-de-acompanhamento-de-18-meses-2\/\" class=\"more-link\">Continue lendo <span class=\"screen-reader-text\">Semin\u00e1rios de Acompanhamento de 18 meses<\/span> <span class=\"meta-nav\">&rarr;<\/span><\/a><\/p>\n","protected":false},"author":220,"featured_media":0,"comment_status":"open","ping_status":"closed","sticky":false,"template":"","format":"standard","meta":{"jetpack_post_was_ever_published":false,"_jetpack_newsletter_access":"","_jetpack_dont_email_post_to_subs":false,"_jetpack_newsletter_tier_id":0,"_jetpack_memberships_contains_paywalled_content":false,"_jetpack_memberships_contains_paid_content":false,"footnotes":"","jetpack_publicize_message":"","jetpack_publicize_feature_enabled":true,"jetpack_social_post_already_shared":false,"jetpack_social_options":{"image_generator_settings":{"template":"highway","default_image_id":0,"font":"","enabled":false},"version":2}},"categories":[20],"tags":[],"class_list":["post-2595","post","type-post","status-publish","format-standard","hentry","category-noticias"],"jetpack_publicize_connections":[],"jetpack_featured_media_url":"","jetpack_sharing_enabled":true,"jetpack_shortlink":"https:\/\/wp.me\/p94N8p-FR","_links":{"self":[{"href":"https:\/\/wp.ufpel.edu.br\/pgfisica\/wp-json\/wp\/v2\/posts\/2595","targetHints":{"allow":["GET"]}}],"collection":[{"href":"https:\/\/wp.ufpel.edu.br\/pgfisica\/wp-json\/wp\/v2\/posts"}],"about":[{"href":"https:\/\/wp.ufpel.edu.br\/pgfisica\/wp-json\/wp\/v2\/types\/post"}],"author":[{"embeddable":true,"href":"https:\/\/wp.ufpel.edu.br\/pgfisica\/wp-json\/wp\/v2\/users\/220"}],"replies":[{"embeddable":true,"href":"https:\/\/wp.ufpel.edu.br\/pgfisica\/wp-json\/wp\/v2\/comments?post=2595"}],"version-history":[{"count":0,"href":"https:\/\/wp.ufpel.edu.br\/pgfisica\/wp-json\/wp\/v2\/posts\/2595\/revisions"}],"wp:attachment":[{"href":"https:\/\/wp.ufpel.edu.br\/pgfisica\/wp-json\/wp\/v2\/media?parent=2595"}],"wp:term":[{"taxonomy":"category","embeddable":true,"href":"https:\/\/wp.ufpel.edu.br\/pgfisica\/wp-json\/wp\/v2\/categories?post=2595"},{"taxonomy":"post_tag","embeddable":true,"href":"https:\/\/wp.ufpel.edu.br\/pgfisica\/wp-json\/wp\/v2\/tags?post=2595"}],"curies":[{"name":"wp","href":"https:\/\/api.w.org\/{rel}","templated":true}]}}