{"id":2592,"date":"2015-08-03T14:59:48","date_gmt":"2015-08-03T17:59:48","guid":{"rendered":"http:\/\/ifm.ufpel.edu.br\/pgfisica\/site\/?p=2592"},"modified":"2015-08-03T14:59:48","modified_gmt":"2015-08-03T17:59:48","slug":"seminarios-de-acompanhamento-de-12-meses","status":"publish","type":"post","link":"https:\/\/wp.ufpel.edu.br\/pgfisica\/2015\/08\/03\/seminarios-de-acompanhamento-de-12-meses\/","title":{"rendered":"Semin\u00e1rios de Acompanhamento de 12 meses"},"content":{"rendered":"<p style=\"text-align: justify\"><a href=\"https:\/\/wp.ufpel.edu.br\/pgfisica\/files\/2015\/08\/seminarios_20152_12meses.jpg\"><img loading=\"lazy\" decoding=\"async\" data-attachment-id=\"2593\" data-permalink=\"https:\/\/wp.ufpel.edu.br\/pgfisica\/2015\/08\/03\/seminarios-de-acompanhamento-de-12-meses\/seminarios_20152_12meses\/\" data-orig-file=\"https:\/\/wp.ufpel.edu.br\/pgfisica\/files\/2015\/08\/seminarios_20152_12meses.jpg\" data-orig-size=\"1030,1274\" data-comments-opened=\"0\" data-image-meta=\"{&quot;aperture&quot;:&quot;0&quot;,&quot;credit&quot;:&quot;&quot;,&quot;camera&quot;:&quot;&quot;,&quot;caption&quot;:&quot;&quot;,&quot;created_timestamp&quot;:&quot;0&quot;,&quot;copyright&quot;:&quot;&quot;,&quot;focal_length&quot;:&quot;0&quot;,&quot;iso&quot;:&quot;0&quot;,&quot;shutter_speed&quot;:&quot;0&quot;,&quot;title&quot;:&quot;&quot;,&quot;orientation&quot;:&quot;0&quot;}\" data-image-title=\"\" data-image-description=\"\" data-image-caption=\"\" data-medium-file=\"https:\/\/wp.ufpel.edu.br\/pgfisica\/files\/2015\/08\/seminarios_20152_12meses-243x300.jpg\" data-large-file=\"https:\/\/wp.ufpel.edu.br\/pgfisica\/files\/2015\/08\/seminarios_20152_12meses-828x1024.jpg\" class=\"size-medium wp-image-2593 alignleft\" alt=\"\" src=\"https:\/\/wp.ufpel.edu.br\/pgfisica\/files\/2015\/08\/seminarios_20152_12meses-242x300.jpg\" width=\"134\" height=\"167\" \/><\/a>Os semin\u00e1rios de acompanhamento de 12 meses do Curso de Mestrado em F\u00edsica acontecer\u00e3o nos dias 24 e 25 de agosto de 2015, das 13:00 as 14:00. Para esta rodada os seguintes alunos apresentar\u00e3o os resultados dos primeiros 12 meses de Curso: Heleon\u00edsia A. V. Moreira, Jardel Nogueira Silva, Jean Torres Reis e Milene Ribeiro Teixeira. Maiores informa\u00e7\u00f5es na figura ao lado e no <a href=\"https:\/\/wp.ufpel.edu.br\/pgfisica\/files\/2015\/02\/comunicado_estudantes.pdf\" target=\"_blank\">comunicado de 17\/11\/201<\/a>1.<\/p>\n","protected":false},"excerpt":{"rendered":"<p>Os semin\u00e1rios de acompanhamento de 12 meses do Curso de Mestrado em F\u00edsica acontecer\u00e3o nos dias 24 e 25 de agosto de 2015, das 13:00 as 14:00. Para esta rodada os seguintes alunos apresentar\u00e3o os resultados dos primeiros 12 meses de Curso: Heleon\u00edsia A. V. Moreira, Jardel Nogueira Silva, Jean Torres Reis e Milene Ribeiro &hellip; <a href=\"https:\/\/wp.ufpel.edu.br\/pgfisica\/2015\/08\/03\/seminarios-de-acompanhamento-de-12-meses\/\" class=\"more-link\">Continue lendo <span class=\"screen-reader-text\">Semin\u00e1rios de Acompanhamento de 12 meses<\/span> <span class=\"meta-nav\">&rarr;<\/span><\/a><\/p>\n","protected":false},"author":220,"featured_media":0,"comment_status":"open","ping_status":"closed","sticky":false,"template":"","format":"standard","meta":{"jetpack_post_was_ever_published":false,"_jetpack_newsletter_access":"","_jetpack_dont_email_post_to_subs":false,"_jetpack_newsletter_tier_id":0,"_jetpack_memberships_contains_paywalled_content":false,"_jetpack_memberships_contains_paid_content":false,"footnotes":"","jetpack_publicize_message":"","jetpack_publicize_feature_enabled":true,"jetpack_social_post_already_shared":false,"jetpack_social_options":{"image_generator_settings":{"template":"highway","default_image_id":0,"font":"","enabled":false},"version":2}},"categories":[20],"tags":[],"class_list":["post-2592","post","type-post","status-publish","format-standard","hentry","category-noticias"],"jetpack_publicize_connections":[],"jetpack_featured_media_url":"","jetpack_sharing_enabled":true,"jetpack_shortlink":"https:\/\/wp.me\/p94N8p-FO","_links":{"self":[{"href":"https:\/\/wp.ufpel.edu.br\/pgfisica\/wp-json\/wp\/v2\/posts\/2592","targetHints":{"allow":["GET"]}}],"collection":[{"href":"https:\/\/wp.ufpel.edu.br\/pgfisica\/wp-json\/wp\/v2\/posts"}],"about":[{"href":"https:\/\/wp.ufpel.edu.br\/pgfisica\/wp-json\/wp\/v2\/types\/post"}],"author":[{"embeddable":true,"href":"https:\/\/wp.ufpel.edu.br\/pgfisica\/wp-json\/wp\/v2\/users\/220"}],"replies":[{"embeddable":true,"href":"https:\/\/wp.ufpel.edu.br\/pgfisica\/wp-json\/wp\/v2\/comments?post=2592"}],"version-history":[{"count":0,"href":"https:\/\/wp.ufpel.edu.br\/pgfisica\/wp-json\/wp\/v2\/posts\/2592\/revisions"}],"wp:attachment":[{"href":"https:\/\/wp.ufpel.edu.br\/pgfisica\/wp-json\/wp\/v2\/media?parent=2592"}],"wp:term":[{"taxonomy":"category","embeddable":true,"href":"https:\/\/wp.ufpel.edu.br\/pgfisica\/wp-json\/wp\/v2\/categories?post=2592"},{"taxonomy":"post_tag","embeddable":true,"href":"https:\/\/wp.ufpel.edu.br\/pgfisica\/wp-json\/wp\/v2\/tags?post=2592"}],"curies":[{"name":"wp","href":"https:\/\/api.w.org\/{rel}","templated":true}]}}