{"id":2501,"date":"2015-03-16T13:25:15","date_gmt":"2015-03-16T16:25:15","guid":{"rendered":"http:\/\/ifm.ufpel.edu.br\/pgfisica\/site\/?p=2501"},"modified":"2015-03-16T13:25:15","modified_gmt":"2015-03-16T16:25:15","slug":"seminarios-de-12-meses-de-curso-3","status":"publish","type":"post","link":"https:\/\/wp.ufpel.edu.br\/pgfisica\/2015\/03\/16\/seminarios-de-12-meses-de-curso-3\/","title":{"rendered":"Semin\u00e1rios de 12 meses de Curso"},"content":{"rendered":"<p><a href=\"https:\/\/wp.ufpel.edu.br\/pgfisica\/files\/2015\/03\/seminarios12meses_201501.jpg\"><img loading=\"lazy\" decoding=\"async\" data-attachment-id=\"2500\" data-permalink=\"https:\/\/wp.ufpel.edu.br\/pgfisica\/2015\/03\/16\/seminarios-de-12-meses-de-curso-3\/seminarios12meses_201501-2\/\" data-orig-file=\"https:\/\/wp.ufpel.edu.br\/pgfisica\/files\/2015\/03\/seminarios12meses_201501.jpg\" data-orig-size=\"1026,1335\" data-comments-opened=\"0\" data-image-meta=\"{&quot;aperture&quot;:&quot;0&quot;,&quot;credit&quot;:&quot;&quot;,&quot;camera&quot;:&quot;&quot;,&quot;caption&quot;:&quot;&quot;,&quot;created_timestamp&quot;:&quot;0&quot;,&quot;copyright&quot;:&quot;&quot;,&quot;focal_length&quot;:&quot;0&quot;,&quot;iso&quot;:&quot;0&quot;,&quot;shutter_speed&quot;:&quot;0&quot;,&quot;title&quot;:&quot;&quot;,&quot;orientation&quot;:&quot;0&quot;}\" data-image-title=\"\" data-image-description=\"\" data-image-caption=\"\" data-medium-file=\"https:\/\/wp.ufpel.edu.br\/pgfisica\/files\/2015\/03\/seminarios12meses_201501-231x300.jpg\" data-large-file=\"https:\/\/wp.ufpel.edu.br\/pgfisica\/files\/2015\/03\/seminarios12meses_201501-787x1024.jpg\" class=\"size-medium wp-image-2500 alignleft\" alt=\"\" src=\"https:\/\/wp.ufpel.edu.br\/pgfisica\/files\/2015\/03\/seminarios12meses_201501-230x300.jpg\" width=\"109\" height=\"143\" \/><\/a>Nos dias <span style=\"color: #0000ff\"><strong>19 e 20 de Mar\u00e7o<\/strong><\/span>, a partir das <span style=\"color: #0000ff\"><strong>16 horas<\/strong><\/span>, ser\u00e3o apresentados os <strong>semin\u00e1rios<\/strong> de acompanhamento de <strong>12 meses<\/strong> do Curso de Mestrado. Os semin\u00e1rios acontecer\u00e3o na sala 416 do pr\u00e9dio 13 do Departamento de F\u00edsica. Os hor\u00e1rios dos semin\u00e1rios e as respectivas composi\u00e7\u00f5es de bancas est\u00e3o dispon\u00edveis na figura ao lado. Contamos com a presen\u00e7a de todos.<\/p>\n","protected":false},"excerpt":{"rendered":"<p>Nos dias 19 e 20 de Mar\u00e7o, a partir das 16 horas, ser\u00e3o apresentados os semin\u00e1rios de acompanhamento de 12 meses do Curso de Mestrado. Os semin\u00e1rios acontecer\u00e3o na sala 416 do pr\u00e9dio 13 do Departamento de F\u00edsica. Os hor\u00e1rios dos semin\u00e1rios e as respectivas composi\u00e7\u00f5es de bancas est\u00e3o dispon\u00edveis na figura ao lado. Contamos &hellip; <a href=\"https:\/\/wp.ufpel.edu.br\/pgfisica\/2015\/03\/16\/seminarios-de-12-meses-de-curso-3\/\" class=\"more-link\">Continue lendo <span class=\"screen-reader-text\">Semin\u00e1rios de 12 meses de Curso<\/span> <span class=\"meta-nav\">&rarr;<\/span><\/a><\/p>\n","protected":false},"author":220,"featured_media":0,"comment_status":"open","ping_status":"closed","sticky":false,"template":"","format":"standard","meta":{"jetpack_post_was_ever_published":false,"_jetpack_newsletter_access":"","_jetpack_dont_email_post_to_subs":false,"_jetpack_newsletter_tier_id":0,"_jetpack_memberships_contains_paywalled_content":false,"_jetpack_memberships_contains_paid_content":false,"footnotes":"","jetpack_publicize_message":"","jetpack_publicize_feature_enabled":true,"jetpack_social_post_already_shared":false,"jetpack_social_options":{"image_generator_settings":{"template":"highway","default_image_id":0,"font":"","enabled":false},"version":2}},"categories":[20],"tags":[],"class_list":["post-2501","post","type-post","status-publish","format-standard","hentry","category-noticias"],"jetpack_publicize_connections":[],"jetpack_featured_media_url":"","jetpack_sharing_enabled":true,"jetpack_shortlink":"https:\/\/wp.me\/p94N8p-El","_links":{"self":[{"href":"https:\/\/wp.ufpel.edu.br\/pgfisica\/wp-json\/wp\/v2\/posts\/2501","targetHints":{"allow":["GET"]}}],"collection":[{"href":"https:\/\/wp.ufpel.edu.br\/pgfisica\/wp-json\/wp\/v2\/posts"}],"about":[{"href":"https:\/\/wp.ufpel.edu.br\/pgfisica\/wp-json\/wp\/v2\/types\/post"}],"author":[{"embeddable":true,"href":"https:\/\/wp.ufpel.edu.br\/pgfisica\/wp-json\/wp\/v2\/users\/220"}],"replies":[{"embeddable":true,"href":"https:\/\/wp.ufpel.edu.br\/pgfisica\/wp-json\/wp\/v2\/comments?post=2501"}],"version-history":[{"count":0,"href":"https:\/\/wp.ufpel.edu.br\/pgfisica\/wp-json\/wp\/v2\/posts\/2501\/revisions"}],"wp:attachment":[{"href":"https:\/\/wp.ufpel.edu.br\/pgfisica\/wp-json\/wp\/v2\/media?parent=2501"}],"wp:term":[{"taxonomy":"category","embeddable":true,"href":"https:\/\/wp.ufpel.edu.br\/pgfisica\/wp-json\/wp\/v2\/categories?post=2501"},{"taxonomy":"post_tag","embeddable":true,"href":"https:\/\/wp.ufpel.edu.br\/pgfisica\/wp-json\/wp\/v2\/tags?post=2501"}],"curies":[{"name":"wp","href":"https:\/\/api.w.org\/{rel}","templated":true}]}}