{"id":2390,"date":"2014-11-26T08:38:02","date_gmt":"2014-11-26T11:38:02","guid":{"rendered":"http:\/\/ifm.ufpel.edu.br\/pgfisica\/site\/?p=2390"},"modified":"2014-11-26T08:38:02","modified_gmt":"2014-11-26T11:38:02","slug":"seminario-de-dissertacao-de-mestrado-daniela-goetzke-macedo","status":"publish","type":"post","link":"https:\/\/wp.ufpel.edu.br\/pgfisica\/2014\/11\/26\/seminario-de-dissertacao-de-mestrado-daniela-goetzke-macedo\/","title":{"rendered":"Semin\u00e1rio de Disserta\u00e7\u00e3o de Mestrado: Daniela Goetzke Macedo"},"content":{"rendered":"<p style=\"text-align: justify\"><a href=\"https:\/\/wp.ufpel.edu.br\/pgfisica\/files\/2014\/11\/cartazDaniela.jpg\"><img loading=\"lazy\" decoding=\"async\" data-attachment-id=\"2391\" data-permalink=\"https:\/\/wp.ufpel.edu.br\/pgfisica\/2014\/11\/26\/seminario-de-dissertacao-de-mestrado-daniela-goetzke-macedo\/cartazdaniela\/\" data-orig-file=\"https:\/\/wp.ufpel.edu.br\/pgfisica\/files\/2014\/11\/cartazDaniela.jpg\" data-orig-size=\"1020,719\" data-comments-opened=\"0\" data-image-meta=\"{&quot;aperture&quot;:&quot;0&quot;,&quot;credit&quot;:&quot;&quot;,&quot;camera&quot;:&quot;&quot;,&quot;caption&quot;:&quot;&quot;,&quot;created_timestamp&quot;:&quot;0&quot;,&quot;copyright&quot;:&quot;&quot;,&quot;focal_length&quot;:&quot;0&quot;,&quot;iso&quot;:&quot;0&quot;,&quot;shutter_speed&quot;:&quot;0&quot;,&quot;title&quot;:&quot;&quot;,&quot;orientation&quot;:&quot;0&quot;}\" data-image-title=\"\" data-image-description=\"\" data-image-caption=\"\" data-medium-file=\"https:\/\/wp.ufpel.edu.br\/pgfisica\/files\/2014\/11\/cartazDaniela-300x211.jpg\" data-large-file=\"https:\/\/wp.ufpel.edu.br\/pgfisica\/files\/2014\/11\/cartazDaniela.jpg\" class=\"size-medium wp-image-2391 alignleft\" alt=\"\" src=\"https:\/\/wp.ufpel.edu.br\/pgfisica\/files\/2014\/11\/cartazDaniela-300x211.jpg\" width=\"300\" height=\"211\" srcset=\"https:\/\/wp.ufpel.edu.br\/pgfisica\/files\/2014\/11\/cartazDaniela-300x211.jpg 300w, https:\/\/wp.ufpel.edu.br\/pgfisica\/files\/2014\/11\/cartazDaniela-768x541.jpg 768w, https:\/\/wp.ufpel.edu.br\/pgfisica\/files\/2014\/11\/cartazDaniela.jpg 1020w\" sizes=\"auto, (max-width: 300px) 100vw, 300px\" \/><\/a>Nesta quinta-feira, <strong>27\/11\/2014<\/strong>, mais uma <strong>Disserta\u00e7\u00e3o de Mestrado<\/strong> ser\u00e1 apresentada ao PPG-F\u00edsica. O semin\u00e1rio <strong>\u201cA correla\u00e7\u00e3o entre irreversibilidade magn\u00e9tica e resist\u00eancia el\u00e9trica nula em monocristais de YBa<sub>2<\/sub>Cu<sub>3<\/sub>O<sub>7-\u03b4<\/sub>\u201d <\/strong>ser\u00e1 apresentado pela estudante <strong>Daniela Goetzke Macedo<\/strong>, orientada pelo Prof. Dr. Valdemar das Neves Vieira. O semin\u00e1rio acontecer\u00e1 \u00e0s <strong>16:00 horas <\/strong>na <strong>sala 416<\/strong> do <strong>pr\u00e9dio 13<\/strong> do Departamento de F\u00edsica.<\/p>\n","protected":false},"excerpt":{"rendered":"<p>Nesta quinta-feira, 27\/11\/2014, mais uma Disserta\u00e7\u00e3o de Mestrado ser\u00e1 apresentada ao PPG-F\u00edsica. O semin\u00e1rio \u201cA correla\u00e7\u00e3o entre irreversibilidade magn\u00e9tica e resist\u00eancia el\u00e9trica nula em monocristais de YBa2Cu3O7-\u03b4\u201d ser\u00e1 apresentado pela estudante Daniela Goetzke Macedo, orientada pelo Prof. Dr. Valdemar das Neves Vieira. O semin\u00e1rio acontecer\u00e1 \u00e0s 16:00 horas na sala 416 do pr\u00e9dio 13 do &hellip; <a href=\"https:\/\/wp.ufpel.edu.br\/pgfisica\/2014\/11\/26\/seminario-de-dissertacao-de-mestrado-daniela-goetzke-macedo\/\" class=\"more-link\">Continue lendo <span class=\"screen-reader-text\">Semin\u00e1rio de Disserta\u00e7\u00e3o de Mestrado: Daniela Goetzke Macedo<\/span> <span class=\"meta-nav\">&rarr;<\/span><\/a><\/p>\n","protected":false},"author":220,"featured_media":0,"comment_status":"open","ping_status":"closed","sticky":false,"template":"","format":"standard","meta":{"jetpack_post_was_ever_published":false,"_jetpack_newsletter_access":"","_jetpack_dont_email_post_to_subs":false,"_jetpack_newsletter_tier_id":0,"_jetpack_memberships_contains_paywalled_content":false,"_jetpack_memberships_contains_paid_content":false,"footnotes":"","jetpack_publicize_message":"","jetpack_publicize_feature_enabled":true,"jetpack_social_post_already_shared":false,"jetpack_social_options":{"image_generator_settings":{"template":"highway","default_image_id":0,"font":"","enabled":false},"version":2}},"categories":[20],"tags":[],"class_list":["post-2390","post","type-post","status-publish","format-standard","hentry","category-noticias"],"jetpack_publicize_connections":[],"jetpack_featured_media_url":"","jetpack_sharing_enabled":true,"jetpack_shortlink":"https:\/\/wp.me\/p94N8p-Cy","_links":{"self":[{"href":"https:\/\/wp.ufpel.edu.br\/pgfisica\/wp-json\/wp\/v2\/posts\/2390","targetHints":{"allow":["GET"]}}],"collection":[{"href":"https:\/\/wp.ufpel.edu.br\/pgfisica\/wp-json\/wp\/v2\/posts"}],"about":[{"href":"https:\/\/wp.ufpel.edu.br\/pgfisica\/wp-json\/wp\/v2\/types\/post"}],"author":[{"embeddable":true,"href":"https:\/\/wp.ufpel.edu.br\/pgfisica\/wp-json\/wp\/v2\/users\/220"}],"replies":[{"embeddable":true,"href":"https:\/\/wp.ufpel.edu.br\/pgfisica\/wp-json\/wp\/v2\/comments?post=2390"}],"version-history":[{"count":0,"href":"https:\/\/wp.ufpel.edu.br\/pgfisica\/wp-json\/wp\/v2\/posts\/2390\/revisions"}],"wp:attachment":[{"href":"https:\/\/wp.ufpel.edu.br\/pgfisica\/wp-json\/wp\/v2\/media?parent=2390"}],"wp:term":[{"taxonomy":"category","embeddable":true,"href":"https:\/\/wp.ufpel.edu.br\/pgfisica\/wp-json\/wp\/v2\/categories?post=2390"},{"taxonomy":"post_tag","embeddable":true,"href":"https:\/\/wp.ufpel.edu.br\/pgfisica\/wp-json\/wp\/v2\/tags?post=2390"}],"curies":[{"name":"wp","href":"https:\/\/api.w.org\/{rel}","templated":true}]}}