{"id":2363,"date":"2014-10-13T16:39:17","date_gmt":"2014-10-13T19:39:17","guid":{"rendered":"http:\/\/ifm.ufpel.edu.br\/pgfisica\/site\/?p=2363"},"modified":"2014-10-13T16:39:17","modified_gmt":"2014-10-13T19:39:17","slug":"selecao-para-o-mestrado-em-fisica-201501","status":"publish","type":"post","link":"https:\/\/wp.ufpel.edu.br\/pgfisica\/2014\/10\/13\/selecao-para-o-mestrado-em-fisica-201501\/","title":{"rendered":"Sele\u00e7\u00e3o para o Mestrado em F\u00edsica 2015\/01"},"content":{"rendered":"<p style=\"text-align: justify\"><a href=\"https:\/\/wp.ufpel.edu.br\/pgfisica\/files\/2014\/10\/edital_fisica_20151.pdf\" target=\"_blank\"><img loading=\"lazy\" decoding=\"async\" data-attachment-id=\"2353\" data-permalink=\"https:\/\/wp.ufpel.edu.br\/pgfisica\/2014\/10\/13\/selecao-para-o-mestrado-em-fisica-201501\/capa_edital20151\/\" data-orig-file=\"https:\/\/wp.ufpel.edu.br\/pgfisica\/files\/2014\/10\/capa_edital20151.jpg\" data-orig-size=\"1020,1374\" data-comments-opened=\"0\" data-image-meta=\"{&quot;aperture&quot;:&quot;0&quot;,&quot;credit&quot;:&quot;&quot;,&quot;camera&quot;:&quot;&quot;,&quot;caption&quot;:&quot;&quot;,&quot;created_timestamp&quot;:&quot;0&quot;,&quot;copyright&quot;:&quot;&quot;,&quot;focal_length&quot;:&quot;0&quot;,&quot;iso&quot;:&quot;0&quot;,&quot;shutter_speed&quot;:&quot;0&quot;,&quot;title&quot;:&quot;&quot;,&quot;orientation&quot;:&quot;0&quot;}\" data-image-title=\"\" data-image-description=\"\" data-image-caption=\"\" data-medium-file=\"https:\/\/wp.ufpel.edu.br\/pgfisica\/files\/2014\/10\/capa_edital20151-223x300.jpg\" data-large-file=\"https:\/\/wp.ufpel.edu.br\/pgfisica\/files\/2014\/10\/capa_edital20151-760x1024.jpg\" class=\"size-medium wp-image-2353 alignleft\" alt=\"\" src=\"https:\/\/wp.ufpel.edu.br\/pgfisica\/files\/2014\/10\/capa_edital20151-222x300.jpg\" width=\"111\" height=\"151\" \/><\/a>As <span style=\"color: #ff0000\"><strong>inscri\u00e7\u00f5es<\/strong><\/span> para o <span style=\"color: #ff0000\"><strong>Curso de Mestrado em F\u00edsica<\/strong><\/span> do Programa de P\u00f3s-Gradua\u00e7\u00e3o em F\u00edsica (PPG-F\u00edsica) da UFPel estar\u00e3o abertas no per\u00edodo de <span style=\"color: #ff0000\"><strong>20\/10 a 19\/12\/2014<\/strong><\/span>. A novidade em rela\u00e7\u00e3o aos Editais de sele\u00e7\u00e3o anteriores \u00e9 a possibilidade dos candidatos usarem a nota do Exame Unificado de ingresso nas P\u00f3s-Gradua\u00e7\u00f5es em F\u00edsica (EUF), que ser\u00e1 realizado nas depend\u00eancias do PPG-F\u00edsica nos dias 14 e 15\/10\/2014, como uma das notas que ser\u00e3o avaliadas no processo seletivo, conforme especifica\u00e7\u00f5es do <a href=\"https:\/\/wp.ufpel.edu.br\/pgfisica\/files\/2014\/10\/edital_fisica_20151.pdf\" target=\"_blank\">Edital de Sele\u00e7\u00e3o<\/a> do PPG-F\u00edsica.<\/p>\n","protected":false},"excerpt":{"rendered":"<p>As inscri\u00e7\u00f5es para o Curso de Mestrado em F\u00edsica do Programa de P\u00f3s-Gradua\u00e7\u00e3o em F\u00edsica (PPG-F\u00edsica) da UFPel estar\u00e3o abertas no per\u00edodo de 20\/10 a 19\/12\/2014. A novidade em rela\u00e7\u00e3o aos Editais de sele\u00e7\u00e3o anteriores \u00e9 a possibilidade dos candidatos usarem a nota do Exame Unificado de ingresso nas P\u00f3s-Gradua\u00e7\u00f5es em F\u00edsica (EUF), que ser\u00e1 &hellip; <a href=\"https:\/\/wp.ufpel.edu.br\/pgfisica\/2014\/10\/13\/selecao-para-o-mestrado-em-fisica-201501\/\" class=\"more-link\">Continue lendo <span class=\"screen-reader-text\">Sele\u00e7\u00e3o para o Mestrado em F\u00edsica 2015\/01<\/span> <span class=\"meta-nav\">&rarr;<\/span><\/a><\/p>\n","protected":false},"author":220,"featured_media":0,"comment_status":"open","ping_status":"closed","sticky":false,"template":"","format":"standard","meta":{"jetpack_post_was_ever_published":false,"_jetpack_newsletter_access":"","_jetpack_dont_email_post_to_subs":false,"_jetpack_newsletter_tier_id":0,"_jetpack_memberships_contains_paywalled_content":false,"_jetpack_memberships_contains_paid_content":false,"footnotes":"","jetpack_publicize_message":"","jetpack_publicize_feature_enabled":true,"jetpack_social_post_already_shared":false,"jetpack_social_options":{"image_generator_settings":{"template":"highway","default_image_id":0,"font":"","enabled":false},"version":2}},"categories":[20],"tags":[],"class_list":["post-2363","post","type-post","status-publish","format-standard","hentry","category-noticias"],"jetpack_publicize_connections":[],"jetpack_featured_media_url":"","jetpack_sharing_enabled":true,"jetpack_shortlink":"https:\/\/wp.me\/p94N8p-C7","_links":{"self":[{"href":"https:\/\/wp.ufpel.edu.br\/pgfisica\/wp-json\/wp\/v2\/posts\/2363","targetHints":{"allow":["GET"]}}],"collection":[{"href":"https:\/\/wp.ufpel.edu.br\/pgfisica\/wp-json\/wp\/v2\/posts"}],"about":[{"href":"https:\/\/wp.ufpel.edu.br\/pgfisica\/wp-json\/wp\/v2\/types\/post"}],"author":[{"embeddable":true,"href":"https:\/\/wp.ufpel.edu.br\/pgfisica\/wp-json\/wp\/v2\/users\/220"}],"replies":[{"embeddable":true,"href":"https:\/\/wp.ufpel.edu.br\/pgfisica\/wp-json\/wp\/v2\/comments?post=2363"}],"version-history":[{"count":0,"href":"https:\/\/wp.ufpel.edu.br\/pgfisica\/wp-json\/wp\/v2\/posts\/2363\/revisions"}],"wp:attachment":[{"href":"https:\/\/wp.ufpel.edu.br\/pgfisica\/wp-json\/wp\/v2\/media?parent=2363"}],"wp:term":[{"taxonomy":"category","embeddable":true,"href":"https:\/\/wp.ufpel.edu.br\/pgfisica\/wp-json\/wp\/v2\/categories?post=2363"},{"taxonomy":"post_tag","embeddable":true,"href":"https:\/\/wp.ufpel.edu.br\/pgfisica\/wp-json\/wp\/v2\/tags?post=2363"}],"curies":[{"name":"wp","href":"https:\/\/api.w.org\/{rel}","templated":true}]}}