{"id":422,"date":"2012-06-25T14:36:07","date_gmt":"2012-06-25T17:36:07","guid":{"rendered":"https:\/\/wp.ufpel.edu.br\/pgca\/?p=422"},"modified":"2012-06-29T10:24:11","modified_gmt":"2012-06-29T13:24:11","slug":"inscricoes-recebidas-ate-o-dia-25-de-junho","status":"publish","type":"post","link":"https:\/\/wp.ufpel.edu.br\/pgca\/2012\/06\/25\/inscricoes-recebidas-ate-o-dia-25-de-junho\/","title":{"rendered":"Inscri\u00e7\u00f5es recebidas at\u00e9 o dia 29 de Junho"},"content":{"rendered":"<ol start=\"1\">\n<li>Alessandra Sabina Gomes Machado<\/li>\n<li>Aline Campos Vieira<\/li>\n<li>Aline Machado Pereira<\/li>\n<li>\u00c2ngela Simone S. Borges<\/li>\n<li>Camila Costa Schramm<\/li>\n<li>Camila de Campo<\/li>\n<li>Carla Daiane L\u00fcbke \u00dccker<\/li>\n<li>Carla dos Reis Marchesan<\/li>\n<li>Carlos Augusto Barbosa da Silva<\/li>\n<li>Concei\u00e7\u00e3o Cristina Arruda de Oliveira<\/li>\n<li>Cristiane Barsewisch Hobuss<\/li>\n<li>Cristina Costa Schramm<\/li>\n<li>Danielle C. Barreto Honorato<\/li>\n<li>Elis\u00e2ngela Rosa da Rosa<\/li>\n<li>Everton Luiz Simon<\/li>\n<li>Fabiana Baldim<\/li>\n<li>Fabr\u00edcia Rehbein N\u00f6rnberg<\/li>\n<li>Fabricio Barros Brum<\/li>\n<li>Fernada Marques da Silva<\/li>\n<li>Fernanda Andrade Martins<\/li>\n<li>Fernanda Bortoluzzi Pauletto<\/li>\n<li>Fernanda Concen\u00e7o<\/li>\n<li>Fernando Morais Rodrigues<\/li>\n<li>Franciane Vieira Muller<\/li>\n<li>Gabriela Bernardi<\/li>\n<li>Gabriela Guerra Bai\u00e3o<\/li>\n<li>Gabriela Niemeyer Reissig<\/li>\n<li>Ge\u00f3rgia Adriana da Silva Carvalho<\/li>\n<li>Gianne Marin<\/li>\n<li>Giovanna da Silva Cavada<\/li>\n<li>Gisele Koetz Toniello<\/li>\n<li>Gisele Souza Campos<\/li>\n<li>Graciele L. Nunes<\/li>\n<li>H\u00e9rika Polyana S. Martins<\/li>\n<li>\u00cdtalo Charles de Sousa Damasceno<\/li>\n<li>Jacqueline Valle de Bairros<\/li>\n<li>Janaina Schueler<\/li>\n<li>Janise Pedroso Colembergue<\/li>\n<li>Jorge Henrique Mesquita Carneiro<\/li>\n<li>Josiane Kuhn Rutz<\/li>\n<li>Josu\u00e9 da Concei\u00e7\u00e3o Clemente<\/li>\n<li>Juan Marcel Frigetto<\/li>\n<li>J\u00falio Cesar de Carvalho<\/li>\n<li>Lilian Rambo Klein<\/li>\n<li>Maiara Polastri<\/li>\n<li>Marcela Bromberger Soquetta<\/li>\n<li>Mariana Manfroi Fuzinatto<\/li>\n<li>Marileide Ambrosio<\/li>\n<li>Maristela Costamilan Pereira<\/li>\n<li>Matheus L\u00fcdtke Lauffer<\/li>\n<li>Mayra Cristina Freitas Barbosa<\/li>\n<li>Melina Andersen dos Santos<\/li>\n<li>Nat\u00e1lia N. Yassunaka<\/li>\n<li>Rafhaela Alves Baldez<\/li>\n<li>Regiane Ribeiro dos Santos<\/li>\n<li>Richeli Aline Stefanello<\/li>\n<li>Scharlise Diovanella Schnneider da Silva<\/li>\n<li>S\u00e9rgio Lu\u00eds Fonseca Machado<\/li>\n<li>Sirlei Daiana Brasil Jaime<\/li>\n<li>Tatiane Sias Gomes<\/li>\n<li>Vanessa Spiering Zanol<\/li>\n<\/ol>\n","protected":false},"excerpt":{"rendered":"<p>Alessandra Sabina Gomes Machado Aline Campos Vieira Aline Machado Pereira \u00c2ngela Simone S. Borges Camila Costa Schramm Camila de Campo Carla Daiane L\u00fcbke \u00dccker Carla dos Reis Marchesan Carlos Augusto Barbosa da Silva Concei\u00e7\u00e3o Cristina Arruda de Oliveira Cristiane Barsewisch Hobuss Cristina Costa Schramm Danielle C. Barreto Honorato Elis\u00e2ngela Rosa da Rosa Everton Luiz Simon [&hellip;]<\/p>\n","protected":false},"author":11,"featured_media":0,"comment_status":"closed","ping_status":"open","sticky":false,"template":"","format":"standard","meta":{"footnotes":""},"categories":[1],"tags":[],"class_list":["post-422","post","type-post","status-publish","format-standard","hentry","category-sem-categoria"],"jetpack_featured_media_url":"","_links":{"self":[{"href":"https:\/\/wp.ufpel.edu.br\/pgca\/wp-json\/wp\/v2\/posts\/422","targetHints":{"allow":["GET"]}}],"collection":[{"href":"https:\/\/wp.ufpel.edu.br\/pgca\/wp-json\/wp\/v2\/posts"}],"about":[{"href":"https:\/\/wp.ufpel.edu.br\/pgca\/wp-json\/wp\/v2\/types\/post"}],"author":[{"embeddable":true,"href":"https:\/\/wp.ufpel.edu.br\/pgca\/wp-json\/wp\/v2\/users\/11"}],"replies":[{"embeddable":true,"href":"https:\/\/wp.ufpel.edu.br\/pgca\/wp-json\/wp\/v2\/comments?post=422"}],"version-history":[{"count":9,"href":"https:\/\/wp.ufpel.edu.br\/pgca\/wp-json\/wp\/v2\/posts\/422\/revisions"}],"predecessor-version":[{"id":427,"href":"https:\/\/wp.ufpel.edu.br\/pgca\/wp-json\/wp\/v2\/posts\/422\/revisions\/427"}],"wp:attachment":[{"href":"https:\/\/wp.ufpel.edu.br\/pgca\/wp-json\/wp\/v2\/media?parent=422"}],"wp:term":[{"taxonomy":"category","embeddable":true,"href":"https:\/\/wp.ufpel.edu.br\/pgca\/wp-json\/wp\/v2\/categories?post=422"},{"taxonomy":"post_tag","embeddable":true,"href":"https:\/\/wp.ufpel.edu.br\/pgca\/wp-json\/wp\/v2\/tags?post=422"}],"curies":[{"name":"wp","href":"https:\/\/api.w.org\/{rel}","templated":true}]}}