{"id":967,"date":"2025-08-23T17:19:33","date_gmt":"2025-08-23T20:19:33","guid":{"rendered":"https:\/\/wp.ufpel.edu.br\/petfronteiras\/?p=967"},"modified":"2025-09-01T13:51:09","modified_gmt":"2025-09-01T16:51:09","slug":"participacao-socializacao-academica-cultural","status":"publish","type":"post","link":"https:\/\/wp.ufpel.edu.br\/petfronteiras\/2025\/08\/23\/participacao-socializacao-academica-cultural\/","title":{"rendered":"PARTICIPA\u00c7\u00c3O, SOCIALIZA\u00c7\u00c3O, ACAD\u00caMICA  CULTURAL"},"content":{"rendered":"<p> Descri\u00e7\u00e3o\/Justificativa:<br \/>\n 30\/12\/2025<br \/>\n Participa\u00e7\u00e3o em eventos cient\u00edficos e culturais (local, regional e\/ou nacional). O enfoque das<br \/>\n participa\u00e7\u00f5es ser\u00e1 dado para a \u00e1rea tem\u00e1tica do PET que s\u00e3o os saberes e pr\u00e1ticas populares.<br \/>\n Justifica-se tal a\u00e7\u00e3o pela necessidade de fortalecer a forma\u00e7\u00e3o acad\u00eamica dos petianos, atrav\u00e9s do<br \/>\n interc\u00e2mbio e da difus\u00e3o de saberes e experi\u00eancias que qualifiquem e contribuam para uma<br \/>\n educa\u00e7\u00e3o cr\u00edtica, que reforce a import\u00e2ncia e o compromisso com a fun\u00e7\u00e3o social da universidade e<br \/>\n do conhecimento.<br \/>\n Objetivos:<br \/>\n Possibilitar a participa\u00e7\u00e3o dos petianos em eventos cient\u00edficos e culturais ; apresentar trabalhos<br \/>\n resultantes das a\u00e7\u00f5es e discuss\u00f5es realizadas no Pet Fronteiras; contribuir com a socializa\u00e7\u00e3o do<br \/>\n conhecimento e das pr\u00e1ticas produzidas no contexto do Programa PET.<br \/>\n Como a atividade ser\u00e1 realizada? (Metodologia):<br \/>\n No come\u00e7o do ano letivo ser\u00e1 constru\u00eddo um calend\u00e1rio de eventos e de publica\u00e7\u00f5es . Este<br \/>\n calend\u00e1rio ser\u00e1 divulgado na p\u00e1gina do PET contribuindo para que outras pessoas tamb\u00e9m possam<br \/>\n visualizar as informa\u00e7\u00f5es obtidas. De acordo com as possibilidades individuais e coletivas ser\u00e1 feito<br \/>\n uma distribui\u00e7\u00e3o entre os petianos dos eventos e publica\u00e7\u00f5es que cada um, e\/ou o grupo, ir\u00e1<br \/>\n participar.<br \/>\nQuais os resultados que se espera da atividade?<br \/>\n Resultados \/ produtos esperados com a atividade: melhorias para o Curso, para a Educa\u00e7\u00e3o,<br \/>\n para a sociedade, meios para a socializa\u00e7\u00e3o dos resultados, publica\u00e7\u00f5es, etc:<br \/>\n Espera-se potencializar e organizar as publica\u00e7\u00f5es e participa\u00e7\u00f5es do grupo, bem como contribuir<br \/>\n atrav\u00e9s dos produtos e dos resultados dessas com a forma\u00e7\u00e3o acad\u00eamica dos envolvidos e da<br \/>\n comunidade, fim e princ\u00edpio, da pr\u00e1tica educativa.<br \/>\n Qual ser\u00e1 a metodologia de avalia\u00e7\u00e3o da atividade pelo grupo:<br \/>\n Ao longo do ano letivo ser\u00e3o realizadas reuni\u00f5es de acompanhamento e avalia\u00e7\u00e3o das participa\u00e7\u00f5es<br \/>\n previstas e efetivadas pelo grupo e individualmente, procurando, na medida do poss\u00edvel, em tempo,<br \/>\n corrigir e alterar positivamente os resultados finais.<\/p>\n","protected":false},"excerpt":{"rendered":"<p>Descri\u00e7\u00e3o\/Justificativa: 30\/12\/2025 Participa\u00e7\u00e3o em eventos cient\u00edficos e culturais (local, regional e\/ou nacional). O enfoque das participa\u00e7\u00f5es ser\u00e1 dado para a \u00e1rea tem\u00e1tica do PET que s\u00e3o os saberes e pr\u00e1ticas populares. Justifica-se tal a\u00e7\u00e3o pela necessidade de fortalecer a forma\u00e7\u00e3o acad\u00eamica dos petianos, atrav\u00e9s do interc\u00e2mbio e da difus\u00e3o de saberes e experi\u00eancias que qualifiquem [&hellip;]<\/p>\n","protected":false},"author":1402,"featured_media":0,"comment_status":"closed","ping_status":"closed","sticky":false,"template":"","format":"standard","meta":{"_jetpack_memberships_contains_paid_content":false,"footnotes":"","jetpack_publicize_message":"","jetpack_publicize_feature_enabled":true,"jetpack_social_post_already_shared":true,"jetpack_social_options":{"image_generator_settings":{"template":"highway","default_image_id":0,"font":"","enabled":false},"version":2}},"categories":[25,22],"tags":[],"class_list":["post-967","post","type-post","status-publish","format-standard","hentry","category-ensino","category-projetos"],"jetpack_publicize_connections":[],"jetpack_featured_media_url":"","jetpack_sharing_enabled":true,"_links":{"self":[{"href":"https:\/\/wp.ufpel.edu.br\/petfronteiras\/wp-json\/wp\/v2\/posts\/967","targetHints":{"allow":["GET"]}}],"collection":[{"href":"https:\/\/wp.ufpel.edu.br\/petfronteiras\/wp-json\/wp\/v2\/posts"}],"about":[{"href":"https:\/\/wp.ufpel.edu.br\/petfronteiras\/wp-json\/wp\/v2\/types\/post"}],"author":[{"embeddable":true,"href":"https:\/\/wp.ufpel.edu.br\/petfronteiras\/wp-json\/wp\/v2\/users\/1402"}],"replies":[{"embeddable":true,"href":"https:\/\/wp.ufpel.edu.br\/petfronteiras\/wp-json\/wp\/v2\/comments?post=967"}],"version-history":[{"count":1,"href":"https:\/\/wp.ufpel.edu.br\/petfronteiras\/wp-json\/wp\/v2\/posts\/967\/revisions"}],"predecessor-version":[{"id":968,"href":"https:\/\/wp.ufpel.edu.br\/petfronteiras\/wp-json\/wp\/v2\/posts\/967\/revisions\/968"}],"wp:attachment":[{"href":"https:\/\/wp.ufpel.edu.br\/petfronteiras\/wp-json\/wp\/v2\/media?parent=967"}],"wp:term":[{"taxonomy":"category","embeddable":true,"href":"https:\/\/wp.ufpel.edu.br\/petfronteiras\/wp-json\/wp\/v2\/categories?post=967"},{"taxonomy":"post_tag","embeddable":true,"href":"https:\/\/wp.ufpel.edu.br\/petfronteiras\/wp-json\/wp\/v2\/tags?post=967"}],"curies":[{"name":"wp","href":"https:\/\/api.w.org\/{rel}","templated":true}]}}