{"id":890,"date":"2025-08-18T13:21:24","date_gmt":"2025-08-18T16:21:24","guid":{"rendered":"https:\/\/wp.ufpel.edu.br\/petfronteiras\/?p=890"},"modified":"2025-08-18T13:21:48","modified_gmt":"2025-08-18T16:21:48","slug":"estagio-vivencia-mestres-e-aprendizes-ensino","status":"publish","type":"post","link":"https:\/\/wp.ufpel.edu.br\/petfronteiras\/2025\/08\/18\/estagio-vivencia-mestres-e-aprendizes-ensino\/","title":{"rendered":"EST\u00c1GIO VIV\u00caNCIA MESTRES E APRENDIZES \u00bf  ENSINO"},"content":{"rendered":"<p>Carga Hor\u00e1ria<br \/>\n200<br \/>\nData In\u00edcio da Atividade<br \/>\nData Fim da Atividade<br \/>\n30\/01\/2025<br \/>\nDescri\u00e7\u00e3o\/Justificativa:<br \/>\n30\/12\/2025<br \/>\nA proposta visa a cria\u00e7\u00e3o de um est\u00e1gio de viv\u00eancia que promova a imers\u00e3o dos estudantes nos<br \/>\nsaberes dos mestres da cultura. Essa atividade oferece uma oportunidade \u00fanica de aprendizado<br \/>\ndireto, onde os estudantes podem vivenciar e compreender profundamente as pr\u00e1ticas culturais e os<br \/>\nvalores fora do espa\u00e7o acad\u00eamico e no contexto onde s\u00e3o produzidos.<br \/>\nObjetivos:<br \/>\nO principal objetivo \u00e9 proporcionar uma experi\u00eancia educativa rica e transformadora de aprendizado<br \/>\ndiretamente com os mestres da cultura, entendendo a import\u00e2ncia e a complexidade dos seus<br \/>\nsaberes e sua vis\u00e3o de mundo. Al\u00e9m disso, esta atividade visa estimular o respeito, a valoriza\u00e7\u00e3o e a<br \/>\ntransmiss\u00e3o desses conhecimentos, promovendo a integra\u00e7\u00e3o entre diferentes formas de<br \/>\nconhecimento e incentivando a preserva\u00e7\u00e3o das culturas populares e tradicionais.<br \/>\nComo a atividade ser\u00e1 realizada? (Metodologia):<br \/>\nO est\u00e1gio ser\u00e1 organizado em ciclos de viv\u00eancia, onde os estudantes ser\u00e3o imersos em atividades<br \/>\nconduzidas pelos mestres da cultura. As viv\u00eancias ser\u00e3o planejadas em colabora\u00e7\u00e3o com os mestres,<br \/>\nrespeitando suas tradi\u00e7\u00f5es e ritmos. Os estudantes ter\u00e3o a oportunidade de participar de oficinas,<br \/>\nrodas de conversa, e pr\u00e1ticas culturais, sempre sob a orienta\u00e7\u00e3o direta dos mestres.<br \/>\nQuais os resultados que se espera da atividade?<br \/>\nResultados \/ produtos esperados com a atividade: melhorias para o Curso, para a Educa\u00e7\u00e3o,<br \/>\npara a sociedade, meios para a socializa\u00e7\u00e3o dos resultados, publica\u00e7\u00f5es, etc:<br \/>\nOs resultados esperados da atividade Est\u00e1gio Viv\u00eancia Mestres e Aprendizes incluem uma imers\u00e3o<br \/>\nprofunda dos estudantes nos saberes e pr\u00e1ticas culturais, proporcionando um aprendizado direto e<br \/>\nsignificativo. Espera-se tamb\u00e9m que os estudantes desenvolvam maior valoriza\u00e7\u00e3o pelos mestres da<br \/>\ncultura e seus conhecimentos, al\u00e9m de fortalecer a preserva\u00e7\u00e3o e a transmiss\u00e3o das culturas<br \/>\npopulares e tradicionais. A atividade deve promover a integra\u00e7\u00e3o de diferentes formas de saber,<br \/>\nampliando a vis\u00e3o dos estudantes sobre a riqueza da diversidade cultural brasileira e contribuindo<br \/>\npara a constru\u00e7\u00e3o de uma identidade cultural mais plural, cr\u00edtica e consciente.<br \/>\nQual ser\u00e1 a metodologia de avalia\u00e7\u00e3o da atividade pelo grupo:<br \/>\nA avalia\u00e7\u00e3o do est\u00e1gio de viv\u00eancia ser\u00e1 realizada por meio de uma combina\u00e7\u00e3o de dois instrumentos<br \/>\nbasicamente: di\u00e1rio de campo e portf\u00f3lio. Ser\u00e1 exigida a elabora\u00e7\u00e3o de um di\u00e1rio de campo, no qual<br \/>\nos estudantes dever\u00e3o registrar suas experi\u00eancias di\u00e1rias, reflex\u00f5es e aprendizados. Esse di\u00e1rio<br \/>\nservir\u00e1 como um instrumento para avaliar a profundidade da viv\u00eancia e o desenvolvimento pessoal.<br \/>\nAl\u00e9m disso, os estudantes dever\u00e3o criar um portf\u00f3lio de registro da experi\u00eancia, onde poder\u00e3o<br \/>\ncompilar e organizar os aprendizados, reflex\u00f5es e produtos das atividades realizadas. O portf\u00f3lio<br \/>\npermitir\u00e1 uma an\u00e1lise mais estruturada do impacto do est\u00e1gio e da evolu\u00e7\u00e3o do conhecimento<br \/>\nadquirido ao longo da imers\u00e3o<\/p>\n","protected":false},"excerpt":{"rendered":"<p>Carga Hor\u00e1ria 200 Data In\u00edcio da Atividade Data Fim da Atividade 30\/01\/2025 Descri\u00e7\u00e3o\/Justificativa: 30\/12\/2025 A proposta visa a cria\u00e7\u00e3o de um est\u00e1gio de viv\u00eancia que promova a imers\u00e3o dos estudantes nos saberes dos mestres da cultura. Essa atividade oferece uma oportunidade \u00fanica de aprendizado direto, onde os estudantes podem vivenciar e compreender profundamente as pr\u00e1ticas [&hellip;]<\/p>\n","protected":false},"author":1402,"featured_media":0,"comment_status":"closed","ping_status":"closed","sticky":false,"template":"","format":"standard","meta":{"_jetpack_memberships_contains_paid_content":false,"footnotes":"","jetpack_publicize_message":"","jetpack_publicize_feature_enabled":true,"jetpack_social_post_already_shared":true,"jetpack_social_options":{"image_generator_settings":{"template":"highway","default_image_id":0,"font":"","enabled":false},"version":2}},"categories":[22],"tags":[],"class_list":["post-890","post","type-post","status-publish","format-standard","hentry","category-projetos"],"jetpack_publicize_connections":[],"jetpack_featured_media_url":"","jetpack_sharing_enabled":true,"_links":{"self":[{"href":"https:\/\/wp.ufpel.edu.br\/petfronteiras\/wp-json\/wp\/v2\/posts\/890","targetHints":{"allow":["GET"]}}],"collection":[{"href":"https:\/\/wp.ufpel.edu.br\/petfronteiras\/wp-json\/wp\/v2\/posts"}],"about":[{"href":"https:\/\/wp.ufpel.edu.br\/petfronteiras\/wp-json\/wp\/v2\/types\/post"}],"author":[{"embeddable":true,"href":"https:\/\/wp.ufpel.edu.br\/petfronteiras\/wp-json\/wp\/v2\/users\/1402"}],"replies":[{"embeddable":true,"href":"https:\/\/wp.ufpel.edu.br\/petfronteiras\/wp-json\/wp\/v2\/comments?post=890"}],"version-history":[{"count":1,"href":"https:\/\/wp.ufpel.edu.br\/petfronteiras\/wp-json\/wp\/v2\/posts\/890\/revisions"}],"predecessor-version":[{"id":891,"href":"https:\/\/wp.ufpel.edu.br\/petfronteiras\/wp-json\/wp\/v2\/posts\/890\/revisions\/891"}],"wp:attachment":[{"href":"https:\/\/wp.ufpel.edu.br\/petfronteiras\/wp-json\/wp\/v2\/media?parent=890"}],"wp:term":[{"taxonomy":"category","embeddable":true,"href":"https:\/\/wp.ufpel.edu.br\/petfronteiras\/wp-json\/wp\/v2\/categories?post=890"},{"taxonomy":"post_tag","embeddable":true,"href":"https:\/\/wp.ufpel.edu.br\/petfronteiras\/wp-json\/wp\/v2\/tags?post=890"}],"curies":[{"name":"wp","href":"https:\/\/api.w.org\/{rel}","templated":true}]}}