{"id":1523,"date":"2026-02-20T17:37:22","date_gmt":"2026-02-20T20:37:22","guid":{"rendered":"https:\/\/wp.ufpel.edu.br\/petfronteiras\/?p=1523"},"modified":"2026-02-22T13:02:21","modified_gmt":"2026-02-22T16:02:21","slug":"as-ruas-tambem-arquivam","status":"publish","type":"post","link":"https:\/\/wp.ufpel.edu.br\/petfronteiras\/2026\/02\/20\/as-ruas-tambem-arquivam\/","title":{"rendered":"AS RUAS TAMB\u00c9M ARQUIVAM"},"content":{"rendered":"\n<div style=\"text-align:center;\"><div style=\"margin:8px 0px 4px;\"><a href=\"https:\/\/www.calameo.com\/books\/008161429a35e8131417f\" target=\"_blank\">As Ruas Tamb\u00e9m Arquivam<\/a><\/div><iframe loading=\"lazy\" src=\"\/\/v.calameo.com\/?bkcode=008161429a35e8131417f&#038;mode=mini\" width=\"480\" height=\"300\" frameborder=\"0\" scrolling=\"no\" allowtransparency allowfullscreen style=\"margin:0 auto;\"><\/iframe><div style=\"margin:4px 0px 8px;\"><a href=\"http:\/\/www.calameo.com\/\" target=\"_blank\">Ler mais publica\u00e7\u00f5es no Calam\u00e9o<\/a><\/div><\/div>\n\n\n\n<p>Nas palavras de <strong><em>Janu\u00e1rio Garcia,<\/em><\/strong> <\/p>\n\n\n\n<p><img loading=\"lazy\" decoding=\"async\" width=\"700\" height=\"494\" class=\"wp-image-1561\" style=\"width: 700px;\" src=\"https:\/\/wp.ufpel.edu.br\/petfronteiras\/files\/2026\/02\/I-1.png\" alt=\"\" srcset=\"https:\/\/wp.ufpel.edu.br\/petfronteiras\/files\/2026\/02\/I-1.png 2000w, https:\/\/wp.ufpel.edu.br\/petfronteiras\/files\/2026\/02\/I-1-400x282.png 400w, https:\/\/wp.ufpel.edu.br\/petfronteiras\/files\/2026\/02\/I-1-1024x722.png 1024w, https:\/\/wp.ufpel.edu.br\/petfronteiras\/files\/2026\/02\/I-1-768x541.png 768w, https:\/\/wp.ufpel.edu.br\/petfronteiras\/files\/2026\/02\/I-1-1536x1083.png 1536w\" sizes=\"auto, (max-width: 700px) 100vw, 700px\" \/><\/p>\n\n\n\n<p>Este e-book \u00e9 um desdobramento da instala\u00e7\u00e3o urbana composta por 20 lambe-lambes distribu\u00eddos no espa\u00e7o p\u00fablico da cidade de <strong>Pelotas\/RS<\/strong>, fixados no tapume da obra p\u00fablica do antigo Grande Hotel. A interven\u00e7\u00e3o se configura como uma a\u00e7\u00e3o gr\u00e1fica de car\u00e1ter pol\u00edtico e po\u00e9tico, resultante do Trabalho de Conclus\u00e3o de Curso em Design Gr\u00e1fico de <strong>Maria Eduarda de Souza Costa<\/strong>, estudante bolsista do Programa de Educa\u00e7\u00e3o Tutorial (PET) Fronteiras: Saberes e Pr\u00e1ticas Populares, da Universidade Federal de Pelotas, tutoriado pela Profa. Dra. Denise Marcos Bussoletti. Intitulada <strong><em>\u201cAs ruas tamb\u00e9m arquivam: o lambe-lambe como manifesto gr\u00e1fico de repara\u00e7\u00e3o simb\u00f3lica do epistemic\u00eddio negro e de retomada do direito \u00e0 cidade\u201d<\/em><\/strong>, a pesquisa foi desenvolvida sob orienta\u00e7\u00e3o da Profa. Dra. Chris de Azevedo Ramil.<\/p>\n\n\n\n<p>A instala\u00e7\u00e3o e o e-book apresentam 20 personalidades negras, abordando aspectos de relev\u00e2ncia de suas trajet\u00f3rias, produ\u00e7\u00f5es e formas de representa\u00e7\u00e3o no imagin\u00e1rio coletivo. Ao evidenciar essas figuras no espa\u00e7o urbano e no suporte digital, o trabalho prop\u00f5e uma reflex\u00e3o cr\u00edtica sobre mem\u00f3ria, pertencimento e visibilidade negra em uma cidade p\u00f3s-colonial como Pelotas, cuja forma\u00e7\u00e3o hist\u00f3rica est\u00e1 profundamente marcada pelo passado escravocrata vinculado ao ciclo das charqueadas.<\/p>\n\n\n\n<p>O projeto investiga o lambe-lambe interativo como ferramenta pol\u00edtica de comunica\u00e7\u00e3o visual, resist\u00eancia cultural e repara\u00e7\u00e3o simb\u00f3lica, articulando referenciais do design social, do design ativista e as reflex\u00f5es de Frantz Fanon acerca do racismo estrutural e da desumaniza\u00e7\u00e3o do sujeito negro nas sociedades coloniais e p\u00f3s-coloniais. A conex\u00e3o entre o espa\u00e7o f\u00edsico da cidade e o ambiente digital, por meio deste e-book, busca instaurar um processo de repara\u00e7\u00e3o simb\u00f3lica frente ao apagamento hist\u00f3rico e estrutural de artistas e intelectuais negros, promovendo o reconhecimento, a circula\u00e7\u00e3o e a valoriza\u00e7\u00e3o de seus saberes.<\/p>\n\n\n\n<p>Metodologicamente, a pesquisa articula investiga\u00e7\u00e3o te\u00f3rica e documental sobre o papel hist\u00f3rico do lambe-lambe em contextos de resist\u00eancia, aliada a uma pesquisa de campo de car\u00e1ter participativo junto \u00e0 popula\u00e7\u00e3o pelotense, com o objetivo de compreender os n\u00edveis de visibilidade, reconhecimento e circula\u00e7\u00e3o atribu\u00eddos \u00e0s produ\u00e7\u00f5es culturais negras no territ\u00f3rio urbano. Ao operar entre arte, design e educa\u00e7\u00e3o popular, a interven\u00e7\u00e3o transforma o espa\u00e7o da rua em lugar de disputa simb\u00f3lica, mem\u00f3ria e pertencimento.<\/p>\n\n\n\n<p>Nesse sentido, os lambe-lambes interativos se configuram como atos de reexist\u00eancia: tensionam o olhar cotidiano, desestabilizam a hegemonia da branquitude nos regimes de visibilidade da cidade e reafirmam o direito \u00e0 cidade como direito \u00e0 imagem, \u00e0 mem\u00f3ria e \u00e0 representatividade.<\/p>\n\n\n\n<p><\/p>\n","protected":false},"excerpt":{"rendered":"<p>As Ruas Tamb\u00e9m Arquivam Ler mais publica\u00e7\u00f5es no Calam\u00e9o Nas palavras de Janu\u00e1rio Garcia, Este e-book \u00e9 um desdobramento da instala\u00e7\u00e3o urbana composta por 20 lambe-lambes distribu\u00eddos no espa\u00e7o p\u00fablico da cidade de Pelotas\/RS, fixados no tapume da obra p\u00fablica do antigo Grande Hotel. A interven\u00e7\u00e3o se configura como uma a\u00e7\u00e3o gr\u00e1fica de car\u00e1ter pol\u00edtico [&hellip;]<\/p>\n","protected":false},"author":1402,"featured_media":0,"comment_status":"closed","ping_status":"closed","sticky":false,"template":"","format":"standard","meta":{"_jetpack_memberships_contains_paid_content":false,"footnotes":"","jetpack_publicize_message":"","jetpack_publicize_feature_enabled":true,"jetpack_social_post_already_shared":true,"jetpack_social_options":{"image_generator_settings":{"template":"highway","default_image_id":0,"font":"","enabled":false},"version":2}},"categories":[57],"tags":[],"class_list":["post-1523","post","type-post","status-publish","format-standard","hentry","category-ebook"],"jetpack_publicize_connections":[],"jetpack_featured_media_url":"","jetpack_sharing_enabled":true,"_links":{"self":[{"href":"https:\/\/wp.ufpel.edu.br\/petfronteiras\/wp-json\/wp\/v2\/posts\/1523","targetHints":{"allow":["GET"]}}],"collection":[{"href":"https:\/\/wp.ufpel.edu.br\/petfronteiras\/wp-json\/wp\/v2\/posts"}],"about":[{"href":"https:\/\/wp.ufpel.edu.br\/petfronteiras\/wp-json\/wp\/v2\/types\/post"}],"author":[{"embeddable":true,"href":"https:\/\/wp.ufpel.edu.br\/petfronteiras\/wp-json\/wp\/v2\/users\/1402"}],"replies":[{"embeddable":true,"href":"https:\/\/wp.ufpel.edu.br\/petfronteiras\/wp-json\/wp\/v2\/comments?post=1523"}],"version-history":[{"count":3,"href":"https:\/\/wp.ufpel.edu.br\/petfronteiras\/wp-json\/wp\/v2\/posts\/1523\/revisions"}],"predecessor-version":[{"id":1574,"href":"https:\/\/wp.ufpel.edu.br\/petfronteiras\/wp-json\/wp\/v2\/posts\/1523\/revisions\/1574"}],"wp:attachment":[{"href":"https:\/\/wp.ufpel.edu.br\/petfronteiras\/wp-json\/wp\/v2\/media?parent=1523"}],"wp:term":[{"taxonomy":"category","embeddable":true,"href":"https:\/\/wp.ufpel.edu.br\/petfronteiras\/wp-json\/wp\/v2\/categories?post=1523"},{"taxonomy":"post_tag","embeddable":true,"href":"https:\/\/wp.ufpel.edu.br\/petfronteiras\/wp-json\/wp\/v2\/tags?post=1523"}],"curies":[{"name":"wp","href":"https:\/\/api.w.org\/{rel}","templated":true}]}}