{"id":1163,"date":"2025-10-21T14:35:20","date_gmt":"2025-10-21T17:35:20","guid":{"rendered":"https:\/\/wp.ufpel.edu.br\/petfronteiras\/?p=1163"},"modified":"2025-10-24T11:05:19","modified_gmt":"2025-10-24T14:05:19","slug":"pet-fronteiras-praticas-e-saberes-populares-abre-selecao-para-bolsistas","status":"publish","type":"post","link":"https:\/\/wp.ufpel.edu.br\/petfronteiras\/2025\/10\/21\/pet-fronteiras-praticas-e-saberes-populares-abre-selecao-para-bolsistas\/","title":{"rendered":"Processo Seletivo do Grupo PET Fronteiras na UFPel abre cinco vagas para alunos da gradua\u00e7\u00e3o UFPel"},"content":{"rendered":"\n<p><span class=\"a_GcMg font-feature-liga-off font-feature-clig-off font-feature-calt-off text-decoration-none text-strikethrough-none\">o Grupo PET FRONTEIRAS: Saberes e Pr\u00e1ticas Populares da Universidade Federal de Pelotas (UFPel) torna p\u00fablico que estar\u00e1 recebendo inscri\u00e7\u00f5es de estudantes de gradua\u00e7\u00e3o para o Processo de Sele\u00e7\u00e3o, visando o preenchimento de <\/span><span class=\"a_GcMg font-feature-liga-off font-feature-clig-off font-feature-calt-off text-decoration-none text-strikethrough-none\">um total de 05 (cinco) vagas<\/span><span class=\"a_GcMg font-feature-liga-off font-feature-clig-off font-feature-calt-off text-decoration-none text-strikethrough-none\">, sendo <\/span><span class=\"a_GcMg font-feature-liga-off font-feature-clig-off font-feature-calt-off text-decoration-none text-strikethrough-none\">02 (duas) vagas remuneradas,<\/span><span class=\"a_GcMg font-feature-liga-off font-feature-clig-off font-feature-calt-off text-decoration-none text-strikethrough-none\"> destinadas a candidatos das a\u00e7\u00f5es afirmativas voltadas a estudantes negras(os), ind\u00edgenas, quilombolas, pessoas com defici\u00eancia, trans ou benefici\u00e1rias(os) da PRAE, e <\/span><span class=\"a_GcMg font-feature-liga-off font-feature-clig-off font-feature-calt-off text-decoration-none text-strikethrough-none\">03 (tr\u00eas) vagas volunt\u00e1rias<\/span><span class=\"a_GcMg font-feature-liga-off font-feature-clig-off font-feature-calt-off text-decoration-none text-strikethrough-none\">, abertas a estudantes de gradua\u00e7\u00e3o da UFPel,<\/span><\/p>\n\n\n\n<p>Para mais informa\u00e7\u00f5es consulte o edital: <a href=\"https:\/\/wp.ufpel.edu.br\/petfronteiras\/files\/2025\/10\/EDITAL-PET-2025-segundo_outubro-3-2.pdf\">Sele\u00e7\u00e3o PET Fronteiras 2025<\/a><\/p>\n","protected":false},"excerpt":{"rendered":"<p>o Grupo PET FRONTEIRAS: Saberes e Pr\u00e1ticas Populares da Universidade Federal de Pelotas (UFPel) torna p\u00fablico que estar\u00e1 recebendo inscri\u00e7\u00f5es de estudantes de gradua\u00e7\u00e3o para o Processo de Sele\u00e7\u00e3o, visando o preenchimento de um total de 05 (cinco) vagas, sendo 02 (duas) vagas remuneradas, destinadas a candidatos das a\u00e7\u00f5es afirmativas voltadas a estudantes negras(os), ind\u00edgenas, [&hellip;]<\/p>\n","protected":false},"author":1402,"featured_media":1169,"comment_status":"closed","ping_status":"closed","sticky":false,"template":"","format":"standard","meta":{"_jetpack_memberships_contains_paid_content":false,"footnotes":"","jetpack_publicize_message":"","jetpack_publicize_feature_enabled":true,"jetpack_social_post_already_shared":true,"jetpack_social_options":{"image_generator_settings":{"template":"highway","default_image_id":0,"font":"","enabled":false},"version":2}},"categories":[32,1],"tags":[37,38,33,36,35,19,34],"class_list":{"0":"post-1163","1":"post","2":"type-post","3":"status-publish","4":"format-standard","5":"has-post-thumbnail","6":"hentry","7":"category-editais","8":"category-noticias","9":"tag-capes","10":"tag-cnpq","11":"tag-edital","12":"tag-estagio","13":"tag-pet","14":"tag-ufpel","15":"tag-vaga","17":"post-with-thumbnail","18":"post-with-thumbnail-large"},"jetpack_publicize_connections":[],"jetpack_featured_media_url":"https:\/\/wp.ufpel.edu.br\/petfronteiras\/files\/2025\/10\/Um-pouco-dos-registros-que-ficaram-da-nossa-participacao-na-marcha-da-marchamestragrio-as-ima.jpg","jetpack_sharing_enabled":true,"_links":{"self":[{"href":"https:\/\/wp.ufpel.edu.br\/petfronteiras\/wp-json\/wp\/v2\/posts\/1163","targetHints":{"allow":["GET"]}}],"collection":[{"href":"https:\/\/wp.ufpel.edu.br\/petfronteiras\/wp-json\/wp\/v2\/posts"}],"about":[{"href":"https:\/\/wp.ufpel.edu.br\/petfronteiras\/wp-json\/wp\/v2\/types\/post"}],"author":[{"embeddable":true,"href":"https:\/\/wp.ufpel.edu.br\/petfronteiras\/wp-json\/wp\/v2\/users\/1402"}],"replies":[{"embeddable":true,"href":"https:\/\/wp.ufpel.edu.br\/petfronteiras\/wp-json\/wp\/v2\/comments?post=1163"}],"version-history":[{"count":4,"href":"https:\/\/wp.ufpel.edu.br\/petfronteiras\/wp-json\/wp\/v2\/posts\/1163\/revisions"}],"predecessor-version":[{"id":1171,"href":"https:\/\/wp.ufpel.edu.br\/petfronteiras\/wp-json\/wp\/v2\/posts\/1163\/revisions\/1171"}],"wp:featuredmedia":[{"embeddable":true,"href":"https:\/\/wp.ufpel.edu.br\/petfronteiras\/wp-json\/wp\/v2\/media\/1169"}],"wp:attachment":[{"href":"https:\/\/wp.ufpel.edu.br\/petfronteiras\/wp-json\/wp\/v2\/media?parent=1163"}],"wp:term":[{"taxonomy":"category","embeddable":true,"href":"https:\/\/wp.ufpel.edu.br\/petfronteiras\/wp-json\/wp\/v2\/categories?post=1163"},{"taxonomy":"post_tag","embeddable":true,"href":"https:\/\/wp.ufpel.edu.br\/petfronteiras\/wp-json\/wp\/v2\/tags?post=1163"}],"curies":[{"name":"wp","href":"https:\/\/api.w.org\/{rel}","templated":true}]}}