{"id":1530,"date":"2025-03-23T12:00:37","date_gmt":"2025-03-23T15:00:37","guid":{"rendered":"https:\/\/wp.ufpel.edu.br\/petdiversidade\/?p=1530"},"modified":"2025-03-23T17:34:34","modified_gmt":"2025-03-23T20:34:34","slug":"cinepet-as-varias-faces-do-racismo","status":"publish","type":"post","link":"https:\/\/wp.ufpel.edu.br\/petdiversidade\/2025\/03\/23\/cinepet-as-varias-faces-do-racismo\/","title":{"rendered":"CINEPET &#8211; As v\u00e1rias faces do racismo"},"content":{"rendered":"<p>O CINEPET compreende a realiza\u00e7\u00e3o de Ciclos de document\u00e1rios e debates. Este projeto foi iniciada pelo Grupo PET Diversidade e Toler\u00e2ncia em 2011, com o objetivo de promover espa\u00e7os de discuss\u00e3o sobre tem\u00e1ticas vinculadas a diversidade e toler\u00e2ncia para a comunidade.<\/p>\n<p>Assim, s\u00e3o realizados de ciclos semestrais em parceria com o Cine UFPel. Cada filme e document\u00e1rio exibido ser\u00e1 acompanhado por um debate com professores\/as e outros\/convidados\/as especialistas nas tem\u00e1ticas em quest\u00e3o.<\/p>\n<h3>Neste ciclo, a tem\u00e1tica central \u00e9 &#8220;As v\u00e1rias faces do racismo&#8221; e as duas sess\u00f5es trataram sobre &#8220;Racismo na Inf\u00e2ncia&#8221; e &#8220;Racismo ambiental&#8221;<\/h3>\n<p>Na primeira exibi\u00e7\u00e3o: A inven\u00e7\u00e3o da Inf\u00e2ncia (Lilian Sulzbach) e Em frente (Mari Gon\u00e7alves e Jonatan BT).<\/p>\n<h5>A primeira sess\u00e3o seria dia 28\/03\/2025 \u00e0s 17h00min no CINEUFPel localizado na Rua Lobo da Costa, 447.<\/h5>\n<p>O debate ser\u00e1 feito por:<br \/>\n<em><strong>Bianca Duarte<\/strong><\/em><br \/>\nAcad\u00eamica de nutri\u00e7\u00e3o, bolsista do programa PET DT.<\/p>\n<p><em><strong>C\u00e1tia Barcellos<\/strong><\/em><br \/>\nProfessora Doutora C\u00e1tia Simone Ribeiro Barcellos, Coordenadora Pedag\u00f3gica da Educa\u00e7\u00e3o F\u00edsica na Secretaria Municipal de Educa\u00e7\u00e3o. Estudiosa e pesquisadora da Educa\u00e7\u00e3o para as Rela\u00e7\u00f5es \u00c9tnico-Raciais.<\/p>\n<p><em>Haver\u00e1 emiss\u00e3o de certificados para os participantes.<\/em><\/p>\n<p>Projeto organizado pelos Petianos: Luiza de Oliveira Maciel, Raphael Meireles de Oliveira, Tayanne Costa e Luan Lucas Valins da Silveira.<\/p>\n<p>Desenho: Herison de Carvalho Silva<\/p>\n<p>&nbsp;<\/p>\n<blockquote><p>&#8220;A invisibilidade da crian\u00e7a preta persiste impactando seu desenvolvimento. Combater essa realidade \u00e9 crucial para uma sociedade mais justa e inclusiva.&#8221;<\/p><\/blockquote>\n<p><a href=\"https:\/\/wp.ufpel.edu.br\/petdiversidade\/files\/2025\/03\/A3-CINEPET-202425.png\"><img loading=\"lazy\" decoding=\"async\" class=\"aligncenter wp-image-1534 size-full\" src=\"https:\/\/wp.ufpel.edu.br\/petdiversidade\/files\/2025\/03\/A3-CINEPET-202425-e1742762010968.png\" alt=\"\" width=\"1000\" height=\"707\" \/><\/a><\/p>\n","protected":false},"excerpt":{"rendered":"<p>O CINEPET compreende a realiza\u00e7\u00e3o de Ciclos de document\u00e1rios e debates. Este projeto foi iniciada pelo Grupo PET Diversidade e Toler\u00e2ncia em 2011, com o objetivo de promover espa\u00e7os de discuss\u00e3o sobre tem\u00e1ticas vinculadas a diversidade e toler\u00e2ncia para a&#8230; <a class=\"more-link\" href=\"https:\/\/wp.ufpel.edu.br\/petdiversidade\/2025\/03\/23\/cinepet-as-varias-faces-do-racismo\/\">Continue lendo &rarr;<\/a><\/p>\n","protected":false},"author":1261,"featured_media":0,"comment_status":"closed","ping_status":"closed","sticky":false,"template":"","format":"standard","meta":{"footnotes":""},"categories":[18],"tags":[],"class_list":["post-1530","post","type-post","status-publish","format-standard","hentry","category-sem-categoria"],"jetpack_featured_media_url":"","_links":{"self":[{"href":"https:\/\/wp.ufpel.edu.br\/petdiversidade\/wp-json\/wp\/v2\/posts\/1530","targetHints":{"allow":["GET"]}}],"collection":[{"href":"https:\/\/wp.ufpel.edu.br\/petdiversidade\/wp-json\/wp\/v2\/posts"}],"about":[{"href":"https:\/\/wp.ufpel.edu.br\/petdiversidade\/wp-json\/wp\/v2\/types\/post"}],"author":[{"embeddable":true,"href":"https:\/\/wp.ufpel.edu.br\/petdiversidade\/wp-json\/wp\/v2\/users\/1261"}],"replies":[{"embeddable":true,"href":"https:\/\/wp.ufpel.edu.br\/petdiversidade\/wp-json\/wp\/v2\/comments?post=1530"}],"version-history":[{"count":5,"href":"https:\/\/wp.ufpel.edu.br\/petdiversidade\/wp-json\/wp\/v2\/posts\/1530\/revisions"}],"predecessor-version":[{"id":1537,"href":"https:\/\/wp.ufpel.edu.br\/petdiversidade\/wp-json\/wp\/v2\/posts\/1530\/revisions\/1537"}],"wp:attachment":[{"href":"https:\/\/wp.ufpel.edu.br\/petdiversidade\/wp-json\/wp\/v2\/media?parent=1530"}],"wp:term":[{"taxonomy":"category","embeddable":true,"href":"https:\/\/wp.ufpel.edu.br\/petdiversidade\/wp-json\/wp\/v2\/categories?post=1530"},{"taxonomy":"post_tag","embeddable":true,"href":"https:\/\/wp.ufpel.edu.br\/petdiversidade\/wp-json\/wp\/v2\/tags?post=1530"}],"curies":[{"name":"wp","href":"https:\/\/api.w.org\/{rel}","templated":true}]}}