{"id":1423,"date":"2024-05-12T15:29:54","date_gmt":"2024-05-12T18:29:54","guid":{"rendered":"https:\/\/wp.ufpel.edu.br\/petdiversidade\/?p=1423"},"modified":"2024-05-12T15:31:44","modified_gmt":"2024-05-12T18:31:44","slug":"feliz-dia-das-maes-2024","status":"publish","type":"post","link":"https:\/\/wp.ufpel.edu.br\/petdiversidade\/2024\/05\/12\/feliz-dia-das-maes-2024\/","title":{"rendered":"Feliz dia das M\u00e3es &#8211; 2024"},"content":{"rendered":"<p>Nos campos encharcados do Rio Grande do Sul, h\u00e1 m\u00e3es que plantam sementes de esperan\u00e7a. Elas sabem que, apesar da devasta\u00e7\u00e3o, a vida continua e por isso elas ensinam seus filhos sobre resili\u00eancia, respeito e solidariedade, mostrando que, mesmo nas piores tempestades, podemos encontrar um raio de sol, que quase sempre ser\u00e1 encontrado dentro do seu abra\u00e7o, M\u00e3e.<\/p>\n<p>Apesar da tristeza que se encontra nosso Estado, nosso Programa de Educa\u00e7\u00e3o Tutorial vem homenagear aquelas mulheres que mesmo com as chuvas persistentes da vida, enfrentam as incertezas, demonstrando que ser m\u00e3e \u00e9 ser a personifica\u00e7\u00e3o da determina\u00e7\u00e3o.<\/p>\n<p>Sabemos que no cora\u00e7\u00e3o de cada m\u00e3e, h\u00e1 uma hist\u00f3ria \u00fanica e uma jornada de luta e sobreviv\u00eancia. Entendemos que as nossas amadas: Daniela, Maria dos Anjos, Maria Beatriz, Maria de Lourdes, Raquel, Elaine, Liliane, Jenifer, Lucileia, Izabete, Cecilia, Gerta e v\u00e1rias m\u00e3es que enfrentam desafios, superam obst\u00e1culos e moldam o futuro com determina\u00e7\u00e3o mostram que a maternidade transcende ra\u00e7as, culturas e origens, \u00e9 diversa e tolerante, pois une mulheres em uma irmandade de amor e cuidado.<\/p>\n<p>E \u00e0quelas que infelizmente j\u00e1 nos deixaram, saibam que permanecesse a saudade e nossa admira\u00e7\u00e3o: Angela Maria e Eleusa (in memorian), pois em cada riso compartilhado, em cada abra\u00e7o apertado, h\u00e1 uma conex\u00e3o que ultrapassa os limites da exist\u00eancia. As m\u00e3es que partiram continuam vivas em nossas lembran\u00e7as, em suas receitas secretas, em suas can\u00e7\u00f5es de ninar e em seus conselhos s\u00e1bios que permanecessem com os seus amados para sempre.<\/p>\n<p>M\u00e3es s\u00e3o as guerreiras que enfrentaram noites sem dormir, as arquitetas de sonhos e as curadoras de feridas as quais ainda assim, nos mostra que, mesmo ap\u00f3s a tempestade, haver\u00e1 renova\u00e7\u00e3o. M\u00e3es plantam sementes de esperan\u00e7a, mesmo quando a terra est\u00e1 encharcada e s\u00e3o esteio mesmo quando n\u00e3o h\u00e1 ch\u00e3o. A voc\u00eas, muito obrigado.<\/p>\n<p>Que este Dia das M\u00e3es seja um momento de reflex\u00e3o e gratid\u00e3o. E que, juntos, possamos ajudar a reconstruir o RS, oferecendo apoio e solidariedade \u00e0s m\u00e3es que enfrentam essa tempestade.<\/p>\n<p>&#x1f338;\u00a0<em>Feliz dia das m\u00e3es<\/em> &#x1f338;<\/p>\n<p><em>Texto de Luan Lucas Silveira<\/em><\/p>\n<p>&#8212;<\/p>\n<p><a href=\"https:\/\/www.instagram.com\/p\/C64N_ygxS-A\/?img_index=1\" target=\"_blank\" rel=\"noopener\">Confira e postagem completa no Instagram aqui<\/a><\/p>\n","protected":false},"excerpt":{"rendered":"<p>Nos campos encharcados do Rio Grande do Sul, h\u00e1 m\u00e3es que plantam sementes de esperan\u00e7a. Elas sabem que, apesar da devasta\u00e7\u00e3o, a vida continua e por isso elas ensinam seus filhos sobre resili\u00eancia, respeito e solidariedade, mostrando que, mesmo nas&#8230; <a class=\"more-link\" href=\"https:\/\/wp.ufpel.edu.br\/petdiversidade\/2024\/05\/12\/feliz-dia-das-maes-2024\/\">Continue lendo &rarr;<\/a><\/p>\n","protected":false},"author":365,"featured_media":0,"comment_status":"closed","ping_status":"closed","sticky":false,"template":"","format":"standard","meta":{"footnotes":""},"categories":[18],"tags":[],"class_list":["post-1423","post","type-post","status-publish","format-standard","hentry","category-sem-categoria"],"jetpack_featured_media_url":"","_links":{"self":[{"href":"https:\/\/wp.ufpel.edu.br\/petdiversidade\/wp-json\/wp\/v2\/posts\/1423","targetHints":{"allow":["GET"]}}],"collection":[{"href":"https:\/\/wp.ufpel.edu.br\/petdiversidade\/wp-json\/wp\/v2\/posts"}],"about":[{"href":"https:\/\/wp.ufpel.edu.br\/petdiversidade\/wp-json\/wp\/v2\/types\/post"}],"author":[{"embeddable":true,"href":"https:\/\/wp.ufpel.edu.br\/petdiversidade\/wp-json\/wp\/v2\/users\/365"}],"replies":[{"embeddable":true,"href":"https:\/\/wp.ufpel.edu.br\/petdiversidade\/wp-json\/wp\/v2\/comments?post=1423"}],"version-history":[{"count":3,"href":"https:\/\/wp.ufpel.edu.br\/petdiversidade\/wp-json\/wp\/v2\/posts\/1423\/revisions"}],"predecessor-version":[{"id":1426,"href":"https:\/\/wp.ufpel.edu.br\/petdiversidade\/wp-json\/wp\/v2\/posts\/1423\/revisions\/1426"}],"wp:attachment":[{"href":"https:\/\/wp.ufpel.edu.br\/petdiversidade\/wp-json\/wp\/v2\/media?parent=1423"}],"wp:term":[{"taxonomy":"category","embeddable":true,"href":"https:\/\/wp.ufpel.edu.br\/petdiversidade\/wp-json\/wp\/v2\/categories?post=1423"},{"taxonomy":"post_tag","embeddable":true,"href":"https:\/\/wp.ufpel.edu.br\/petdiversidade\/wp-json\/wp\/v2\/tags?post=1423"}],"curies":[{"name":"wp","href":"https:\/\/api.w.org\/{rel}","templated":true}]}}