{"id":426,"date":"2024-07-23T17:51:12","date_gmt":"2024-07-23T20:51:12","guid":{"rendered":"https:\/\/wp.ufpel.edu.br\/petconservacaoerestauro\/?p=426"},"modified":"2024-07-23T17:51:12","modified_gmt":"2024-07-23T20:51:12","slug":"aula-inaugural-2024-01-acao-brasilia","status":"publish","type":"post","link":"https:\/\/wp.ufpel.edu.br\/petconservacaoerestauro\/2024\/07\/23\/aula-inaugural-2024-01-acao-brasilia\/","title":{"rendered":"AULA INAUGURAL 2024\/01 &#8211; A\u00c7\u00c3O BRAS\u00cdLIA"},"content":{"rendered":"<p><img class=\"wp-image-428 aligncenter\" src=\"https:\/\/wp.ufpel.edu.br\/petconservacaoerestauro\/files\/2024\/07\/Aula-Inaugural-Acao-Brasilia-400x400.jpeg\" alt=\"\" width=\"528\" height=\"528\" srcset=\"https:\/\/wp.ufpel.edu.br\/petconservacaoerestauro\/files\/2024\/07\/Aula-Inaugural-Acao-Brasilia-400x400.jpeg 400w, https:\/\/wp.ufpel.edu.br\/petconservacaoerestauro\/files\/2024\/07\/Aula-Inaugural-Acao-Brasilia-1024x1024.jpeg 1024w, https:\/\/wp.ufpel.edu.br\/petconservacaoerestauro\/files\/2024\/07\/Aula-Inaugural-Acao-Brasilia-200x200.jpeg 200w, https:\/\/wp.ufpel.edu.br\/petconservacaoerestauro\/files\/2024\/07\/Aula-Inaugural-Acao-Brasilia-768x768.jpeg 768w, https:\/\/wp.ufpel.edu.br\/petconservacaoerestauro\/files\/2024\/07\/Aula-Inaugural-Acao-Brasilia-1536x1536.jpeg 1536w, https:\/\/wp.ufpel.edu.br\/petconservacaoerestauro\/files\/2024\/07\/Aula-Inaugural-Acao-Brasilia.jpeg 1600w\" sizes=\"(max-width: 528px) 100vw, 528px\" \/><\/p>\n<p>Queridos alunos, \u00e9 com imenso prazer que convidamos voc\u00eas para nos acompanharem na aula inaugural de Conserva\u00e7\u00e3o e Restaura\u00e7\u00e3o de Bens Culturais M\u00f3veis que acontecer\u00e1 na quinta-feira dia 25\/07 \u00e0s 19h no audit\u00f3rio do ICH II.<\/p>\n<p>Ser\u00e1 ministrada pelas Professoras Andrea Bachettini e Karen Caldas sobre a a\u00e7\u00e3o do Laborat\u00f3rio Aberto em Bras\u00edlia-DF nas obras danificadas em 8 de janeiro de 2023.<\/p>\n<p>Contamos com a presen\u00e7a de todos!<\/p>\n","protected":false},"excerpt":{"rendered":"<p>Queridos alunos, \u00e9 com imenso prazer que convidamos voc\u00eas para nos acompanharem na aula inaugural de Conserva\u00e7\u00e3o e Restaura\u00e7\u00e3o de Bens Culturais M\u00f3veis que acontecer\u00e1 na quinta-feira dia 25\/07 \u00e0s 19h no audit\u00f3rio do ICH II. Ser\u00e1 ministrada pelas Professoras Andrea Bachettini e Karen Caldas sobre a a\u00e7\u00e3o do Laborat\u00f3rio Aberto em Bras\u00edlia-DF nas obras [&hellip;]<\/p>\n","protected":false},"author":864,"featured_media":0,"comment_status":"closed","ping_status":"closed","sticky":false,"template":"","format":"standard","meta":{"footnotes":""},"categories":[1],"tags":[],"class_list":["post-426","post","type-post","status-publish","format-standard","hentry","category-noticias"],"jetpack_featured_media_url":"","_links":{"self":[{"href":"https:\/\/wp.ufpel.edu.br\/petconservacaoerestauro\/wp-json\/wp\/v2\/posts\/426","targetHints":{"allow":["GET"]}}],"collection":[{"href":"https:\/\/wp.ufpel.edu.br\/petconservacaoerestauro\/wp-json\/wp\/v2\/posts"}],"about":[{"href":"https:\/\/wp.ufpel.edu.br\/petconservacaoerestauro\/wp-json\/wp\/v2\/types\/post"}],"author":[{"embeddable":true,"href":"https:\/\/wp.ufpel.edu.br\/petconservacaoerestauro\/wp-json\/wp\/v2\/users\/864"}],"replies":[{"embeddable":true,"href":"https:\/\/wp.ufpel.edu.br\/petconservacaoerestauro\/wp-json\/wp\/v2\/comments?post=426"}],"version-history":[{"count":1,"href":"https:\/\/wp.ufpel.edu.br\/petconservacaoerestauro\/wp-json\/wp\/v2\/posts\/426\/revisions"}],"predecessor-version":[{"id":429,"href":"https:\/\/wp.ufpel.edu.br\/petconservacaoerestauro\/wp-json\/wp\/v2\/posts\/426\/revisions\/429"}],"wp:attachment":[{"href":"https:\/\/wp.ufpel.edu.br\/petconservacaoerestauro\/wp-json\/wp\/v2\/media?parent=426"}],"wp:term":[{"taxonomy":"category","embeddable":true,"href":"https:\/\/wp.ufpel.edu.br\/petconservacaoerestauro\/wp-json\/wp\/v2\/categories?post=426"},{"taxonomy":"post_tag","embeddable":true,"href":"https:\/\/wp.ufpel.edu.br\/petconservacaoerestauro\/wp-json\/wp\/v2\/tags?post=426"}],"curies":[{"name":"wp","href":"https:\/\/api.w.org\/{rel}","templated":true}]}}