{"id":865,"date":"2019-04-29T11:37:50","date_gmt":"2019-04-29T14:37:50","guid":{"rendered":"https:\/\/wp.ufpel.edu.br\/petartesvisuais\/?p=865"},"modified":"2020-01-22T18:05:57","modified_gmt":"2020-01-22T21:05:57","slug":"conversa-com-o-prof-dr-jose-luiz-de-pellegrin-sobre-exposicao-aberta-na-a-sala-galeria-do-centro-de-artes","status":"publish","type":"post","link":"https:\/\/wp.ufpel.edu.br\/petartesvisuais\/2019\/04\/29\/conversa-com-o-prof-dr-jose-luiz-de-pellegrin-sobre-exposicao-aberta-na-a-sala-galeria-do-centro-de-artes\/","title":{"rendered":"Conversa com o Prof. Dr. Jos\u00e9 Luiz de Pellegrin sobre exposi\u00e7\u00e3o aberta na A Sala, Galeria do Centro de Artes"},"content":{"rendered":"<p><a href=\"https:\/\/wp.ufpel.edu.br\/petartesvisuais\/files\/2020\/01\/Apresenta\u00e7\u00e3o-sem-t\u00edtulo-1.jpg\"><img loading=\"lazy\" decoding=\"async\" class=\"aligncenter size-full wp-image-1334\" src=\"https:\/\/wp.ufpel.edu.br\/petartesvisuais\/files\/2020\/01\/Apresenta\u00e7\u00e3o-sem-t\u00edtulo-1.jpg\" alt=\"\" width=\"683\" height=\"461\" srcset=\"https:\/\/wp.ufpel.edu.br\/petartesvisuais\/files\/2020\/01\/Apresenta\u00e7\u00e3o-sem-t\u00edtulo-1.jpg 683w, https:\/\/wp.ufpel.edu.br\/petartesvisuais\/files\/2020\/01\/Apresenta\u00e7\u00e3o-sem-t\u00edtulo-1-424x286.jpg 424w, https:\/\/wp.ufpel.edu.br\/petartesvisuais\/files\/2020\/01\/Apresenta\u00e7\u00e3o-sem-t\u00edtulo-1-212x143.jpg 212w\" sizes=\"auto, (max-width: 683px) 100vw, 683px\" \/><\/a><\/p>\n<p>No pr\u00f3ximo dia 2 de Maio de 2019, quinta-feira, as 14 horas, a galeria A Sala, do Centro de Artes da UFPel promove a conversa com o artista e professor Jose Luiz de Pellegrin.<\/p>\n<p>Por ocasi\u00e3o da banca de progress\u00e3o para classe de professor titular do Prof. Dr. Jose Luiz de Pellegrin, a galeria A Sala recebeu a exposi\u00e7\u00e3o de trabalhos realizados ao longo de sua trajet\u00f3ria art\u00edstica acad\u00eamica. O artista ir\u00e1 abordar na sua fala seus procedimentos e processos ligados \u00e1 pesquisa e produ\u00e7\u00e3o em arte.<\/p>\n<p>Pellegrin possui Licenciatura Plena &#8211; Habilita\u00e7\u00e3o em Artes Pl\u00e1sticas (1981) e Gradua\u00e7\u00e3o em Pintura pela Universidade Federal de Pelotas (1981); Especializa\u00e7\u00e3o em Desenho Art\u00edstico pela UFPEL(1984); Mestrado em Artes (1989) e Doutorado em Artes pela Universidade de S\u00e3o Paulo (1998). \u00c9 professor Associado do Centro de Artes\/CA da Universidade Federal de Pelotas\/UFPEL com atua\u00e7\u00e3o nas \u00e1reas de Pintura e Pr\u00e1tica Profissional. Desenvolve Projetos de Extens\u00e3o em Artes Visuais e atividades de curadoria. Integra a comiss\u00e3o de curadoria do Museu de Arte Leopoldo Gotuzzo\/MALG\/Pelotas\/RS. Possui obras nos acervos do MAM\/SP, no MAC\/RS, no MALG\/RS. no SESC\/Av. Paulista\/SP, Centro Cultural Vergueiro\/SP, da Prefeitura de Municipal de Pelotas.<\/p>\n<p>E ainda na mesma tarde teremos a Finissage da exposi\u00e7\u00e3o, as 17 horas.<\/p>\n<p><a href=\"https:\/\/wp.ufpel.edu.br\/petartesvisuais\/files\/2019\/04\/Apresenta\u00e7\u00e3o-sem-t\u00edtulo-1.jpg\"><img loading=\"lazy\" decoding=\"async\" class=\"aligncenter size-full wp-image-868\" src=\"https:\/\/wp.ufpel.edu.br\/petartesvisuais\/files\/2019\/04\/Apresenta\u00e7\u00e3o-sem-t\u00edtulo-1.jpg\" alt=\"\" width=\"683\" height=\"461\" \/><\/a><\/p>\n<p>Aguardamos a presen\u00e7a de todos!<\/p>\n","protected":false},"excerpt":{"rendered":"<p>No pr\u00f3ximo dia 2 de Maio de 2019, quinta-feira, as 14 horas, a galeria A Sala, do Centro de Artes da UFPel promove a conversa com o artista e professor Jose Luiz de Pellegrin. Por ocasi\u00e3o da banca de progress\u00e3o para classe de professor titular do Prof. Dr. Jose Luiz de Pellegrin, a galeria A [&hellip;]<\/p>\n","protected":false},"author":557,"featured_media":1333,"comment_status":"closed","ping_status":"closed","sticky":false,"template":"","format":"standard","meta":{"jetpack_post_was_ever_published":false,"_jetpack_newsletter_access":"","_jetpack_dont_email_post_to_subs":false,"_jetpack_newsletter_tier_id":0,"_jetpack_memberships_contains_paywalled_content":false,"_jetpack_memberships_contains_paid_content":false,"footnotes":"","jetpack_publicize_message":"","jetpack_publicize_feature_enabled":true,"jetpack_social_post_already_shared":true,"jetpack_social_options":{"image_generator_settings":{"template":"highway","default_image_id":0,"font":"","enabled":false},"version":2}},"categories":[1],"tags":[],"class_list":["post-865","post","type-post","status-publish","format-standard","has-post-thumbnail","hentry","category-noticias"],"jetpack_publicize_connections":[],"jetpack_featured_media_url":"https:\/\/wp.ufpel.edu.br\/petartesvisuais\/files\/2020\/01\/58460386_2063981830397664_6564311454088953856_n.jpg","jetpack_sharing_enabled":true,"_links":{"self":[{"href":"https:\/\/wp.ufpel.edu.br\/petartesvisuais\/wp-json\/wp\/v2\/posts\/865","targetHints":{"allow":["GET"]}}],"collection":[{"href":"https:\/\/wp.ufpel.edu.br\/petartesvisuais\/wp-json\/wp\/v2\/posts"}],"about":[{"href":"https:\/\/wp.ufpel.edu.br\/petartesvisuais\/wp-json\/wp\/v2\/types\/post"}],"author":[{"embeddable":true,"href":"https:\/\/wp.ufpel.edu.br\/petartesvisuais\/wp-json\/wp\/v2\/users\/557"}],"replies":[{"embeddable":true,"href":"https:\/\/wp.ufpel.edu.br\/petartesvisuais\/wp-json\/wp\/v2\/comments?post=865"}],"version-history":[{"count":3,"href":"https:\/\/wp.ufpel.edu.br\/petartesvisuais\/wp-json\/wp\/v2\/posts\/865\/revisions"}],"predecessor-version":[{"id":1336,"href":"https:\/\/wp.ufpel.edu.br\/petartesvisuais\/wp-json\/wp\/v2\/posts\/865\/revisions\/1336"}],"wp:featuredmedia":[{"embeddable":true,"href":"https:\/\/wp.ufpel.edu.br\/petartesvisuais\/wp-json\/wp\/v2\/media\/1333"}],"wp:attachment":[{"href":"https:\/\/wp.ufpel.edu.br\/petartesvisuais\/wp-json\/wp\/v2\/media?parent=865"}],"wp:term":[{"taxonomy":"category","embeddable":true,"href":"https:\/\/wp.ufpel.edu.br\/petartesvisuais\/wp-json\/wp\/v2\/categories?post=865"},{"taxonomy":"post_tag","embeddable":true,"href":"https:\/\/wp.ufpel.edu.br\/petartesvisuais\/wp-json\/wp\/v2\/tags?post=865"}],"curies":[{"name":"wp","href":"https:\/\/api.w.org\/{rel}","templated":true}]}}